{"id":163945,"date":"2020-07-06T20:25:17","date_gmt":"2020-07-06T23:25:17","guid":{"rendered":"https:\/\/diarioregionaldigital.com.br\/?p=163945"},"modified":"2020-07-06T20:25:17","modified_gmt":"2020-07-06T23:25:17","slug":"pm-cumpre-dois-mandados-de-busca-e-apreensao-no-monte-castelo","status":"publish","type":"post","link":"https:\/\/diarioregionaldigital.com.br\/?p=163945","title":{"rendered":"PM cumpre dois mandados de busca e apreens\u00e3o no Monte Castelo"},"content":{"rendered":"<p>A Pol\u00edcia Militar (PM), recebeu informa\u00e7\u00f5es de populares sobre dois autores que estariam armazenando drogas no Bairro Monte Castelo (Regi\u00e3o Noroeste) em Juiz de Fora. Os policiais foram at\u00e9 o local e os dois suspeitos foram presos em flagrantes. Durante buscas pelo local, foram encontrados uma barra e uma por\u00e7\u00e3o de maconha, 50 pedras de crack, uma pedra bruta de crack, dois celulares, uma balan\u00e7a digital e duas por\u00e7\u00f5es de coca\u00edna. Autores presos em flagrante e conduzidos para a Delegacia junto com os materiais apreendidos.<\/p>\n","protected":false},"excerpt":{"rendered":"<p>A Pol\u00edcia Militar (PM), recebeu informa\u00e7\u00f5es de populares sobre dois autores que estariam armazenando drogas no Bairro Monte Castelo (Regi\u00e3o Noroeste) em Juiz de Fora. Os policiais foram at\u00e9 o local e os dois suspeitos foram presos em flagrantes. Durante buscas pelo local, foram encontrados uma barra e uma por\u00e7\u00e3o de maconha, 50 pedras de [&hellip;]<\/p>\n","protected":false},"author":96,"featured_media":163946,"comment_status":"closed","ping_status":"closed","sticky":false,"template":"","format":"standard","meta":{"footnotes":""},"categories":[301,436,439],"tags":[],"class_list":["post-163945","post","type-post","status-publish","format-standard","has-post-thumbnail","hentry","category-artigos-policiais","category-destaque-da-semana","category-ultima-hora"],"_links":{"self":[{"href":"https:\/\/diarioregionaldigital.com.br\/index.php?rest_route=\/wp\/v2\/posts\/163945","targetHints":{"allow":["GET"]}}],"collection":[{"href":"https:\/\/diarioregionaldigital.com.br\/index.php?rest_route=\/wp\/v2\/posts"}],"about":[{"href":"https:\/\/diarioregionaldigital.com.br\/index.php?rest_route=\/wp\/v2\/types\/post"}],"author":[{"embeddable":true,"href":"https:\/\/diarioregionaldigital.com.br\/index.php?rest_route=\/wp\/v2\/users\/96"}],"replies":[{"embeddable":true,"href":"https:\/\/diarioregionaldigital.com.br\/index.php?rest_route=%2Fwp%2Fv2%2Fcomments&post=163945"}],"version-history":[{"count":0,"href":"https:\/\/diarioregionaldigital.com.br\/index.php?rest_route=\/wp\/v2\/posts\/163945\/revisions"}],"wp:featuredmedia":[{"embeddable":true,"href":"https:\/\/diarioregionaldigital.com.br\/index.php?rest_route=\/wp\/v2\/media\/163946"}],"wp:attachment":[{"href":"https:\/\/diarioregionaldigital.com.br\/index.php?rest_route=%2Fwp%2Fv2%2Fmedia&parent=163945"}],"wp:term":[{"taxonomy":"category","embeddable":true,"href":"https:\/\/diarioregionaldigital.com.br\/index.php?rest_route=%2Fwp%2Fv2%2Fcategories&post=163945"},{"taxonomy":"post_tag","embeddable":true,"href":"https:\/\/diarioregionaldigital.com.br\/index.php?rest_route=%2Fwp%2Fv2%2Ftags&post=163945"}],"curies":[{"name":"wp","href":"https:\/\/api.w.org\/{rel}","templated":true}]}}