{"id":163698,"date":"2020-07-02T18:30:34","date_gmt":"2020-07-02T21:30:34","guid":{"rendered":"https:\/\/diarioregionaldigital.com.br\/?p=163698"},"modified":"2020-07-02T18:30:34","modified_gmt":"2020-07-02T21:30:34","slug":"covid-19-juiz-de-fora-tem-quase-2-mil-casos-confirmados","status":"publish","type":"post","link":"https:\/\/diarioregionaldigital.com.br\/?p=163698","title":{"rendered":"Covid-19: Juiz de Fora tem quase 2 mil casos confirmados"},"content":{"rendered":"<p><span style=\"font-weight: 400;\">A Secretaria de Sa\u00fade (SS) da Prefeitura de Juiz de Fora (PJF), registrou em boletim epidemiol\u00f3gico divulgado nessa quinta-feira (2), mais 52 novos casos confirmados por Coronav\u00edrus, totalizando 1.996. O n\u00famero de \u00f3bitos permaneceu em 57 e at\u00e9 ent\u00e3o, 8.355 s\u00e3o considerados suspeitos.<\/span><\/p>\n<p><span style=\"font-weight: 400;\">Conforme dados do portal da PJF, o munic\u00edpio de Juiz de Fora registra taxa de 50,43% de isolamento social. Quanto aos leitos de enfermaria, a taxa de ocupa\u00e7\u00e3o est\u00e1 em 59,38% e os leitos de Unidade de Tratamento Intensivo (UTI) tem 74,81% de ocupa\u00e7\u00e3o.<\/span><\/p>\n","protected":false},"excerpt":{"rendered":"<p>A Secretaria de Sa\u00fade (SS) da Prefeitura de Juiz de Fora (PJF), registrou em boletim epidemiol\u00f3gico divulgado nessa quinta-feira (2), mais 52 novos casos confirmados por Coronav\u00edrus, totalizando 1.996. O n\u00famero de \u00f3bitos permaneceu em 57 e at\u00e9 ent\u00e3o, 8.355 s\u00e3o considerados suspeitos. Conforme dados do portal da PJF, o munic\u00edpio de Juiz de Fora [&hellip;]<\/p>\n","protected":false},"author":96,"featured_media":163331,"comment_status":"closed","ping_status":"closed","sticky":false,"template":"","format":"standard","meta":{"footnotes":""},"categories":[253,436,440,439],"tags":[],"class_list":["post-163698","post","type-post","status-publish","format-standard","has-post-thumbnail","hentry","category-cidade","category-destaque-da-semana","category-destaques-do-dia","category-ultima-hora"],"_links":{"self":[{"href":"https:\/\/diarioregionaldigital.com.br\/index.php?rest_route=\/wp\/v2\/posts\/163698","targetHints":{"allow":["GET"]}}],"collection":[{"href":"https:\/\/diarioregionaldigital.com.br\/index.php?rest_route=\/wp\/v2\/posts"}],"about":[{"href":"https:\/\/diarioregionaldigital.com.br\/index.php?rest_route=\/wp\/v2\/types\/post"}],"author":[{"embeddable":true,"href":"https:\/\/diarioregionaldigital.com.br\/index.php?rest_route=\/wp\/v2\/users\/96"}],"replies":[{"embeddable":true,"href":"https:\/\/diarioregionaldigital.com.br\/index.php?rest_route=%2Fwp%2Fv2%2Fcomments&post=163698"}],"version-history":[{"count":0,"href":"https:\/\/diarioregionaldigital.com.br\/index.php?rest_route=\/wp\/v2\/posts\/163698\/revisions"}],"wp:featuredmedia":[{"embeddable":true,"href":"https:\/\/diarioregionaldigital.com.br\/index.php?rest_route=\/wp\/v2\/media\/163331"}],"wp:attachment":[{"href":"https:\/\/diarioregionaldigital.com.br\/index.php?rest_route=%2Fwp%2Fv2%2Fmedia&parent=163698"}],"wp:term":[{"taxonomy":"category","embeddable":true,"href":"https:\/\/diarioregionaldigital.com.br\/index.php?rest_route=%2Fwp%2Fv2%2Fcategories&post=163698"},{"taxonomy":"post_tag","embeddable":true,"href":"https:\/\/diarioregionaldigital.com.br\/index.php?rest_route=%2Fwp%2Fv2%2Ftags&post=163698"}],"curies":[{"name":"wp","href":"https:\/\/api.w.org\/{rel}","templated":true}]}}