{"id":163692,"date":"2020-07-02T16:59:02","date_gmt":"2020-07-02T19:59:02","guid":{"rendered":"https:\/\/diarioregionaldigital.com.br\/?p=163692"},"modified":"2020-07-02T16:59:02","modified_gmt":"2020-07-02T19:59:02","slug":"escritorio-de-gestao-de-leitos-monitora-diariamente-internacoes-em-minas","status":"publish","type":"post","link":"https:\/\/diarioregionaldigital.com.br\/?p=163692","title":{"rendered":"Escrit\u00f3rio de Gest\u00e3o de Leitos monitora diariamente interna\u00e7\u00f5es em Minas"},"content":{"rendered":"<p>Nesta quinta-feira (2\/7), em coletiva virtual, o secret\u00e1rio de Estado de\u00a0Sa\u00fade\u00a0de Minas Gerais, Carlos Eduardo Amaral, falou sobre a import\u00e2ncia do papel desempenhado pelo Escrit\u00f3rio de Gest\u00e3o de Leitos, diante da proximidade do pico da covid-19 em Minas.<\/p>\n<p>\u201cAl\u00e9m de fazer o controle di\u00e1rio da situa\u00e7\u00e3o dos leitos no estado, o escrit\u00f3rio tamb\u00e9m \u00e9 encarregado de acompanhar e apoiar os gestores hospitalares e os gestores municipais\u201d, explica o Carlos Eduardo Amaral.<\/p>\n<p>Os dados gerados por esse n\u00facleo, por meio do contato direto e di\u00e1rio com as institui\u00e7\u00f5es hospitalares, s\u00e3o base para que o Poder Executivo estadual trace estrat\u00e9gias de atua\u00e7\u00e3o para esses locais no enfrentamento da covid-19.<\/p>\n<p>Ainda de acordo com o secret\u00e1rio de Estado de Sa\u00fade, o escrit\u00f3rio tamb\u00e9m sinaliza a necessidade de expans\u00e3o de leitos. \u201cVale lembrar que, quando optamos por ampliar leitos em uma determinada regi\u00e3o, s\u00e3o seguidos, em primeiro lugar, os crit\u00e9rios do Plano de Conting\u00eancia Regional, elaborado h\u00e1 dois meses, que sinaliza quais hospitais e institui\u00e7\u00f5es de sa\u00fade poderiam ter seus leitos ampliados\u201d, explica Amaral.<\/p>\n<p><strong>Proje\u00e7\u00e3o de casos<\/strong><\/p>\n<p>No que se refere \u00e0s proje\u00e7\u00f5es relacionadas \u00e0 covid-19 em Minas Gerais, para o m\u00eas de julho, o secret\u00e1rio de Estado de Sa\u00fade (SES-MG) explica que o objetivo \u00e9 dar enfoque maior \u00e0 necessidade de demanda por leitos do que nos casos confirmados em si.<\/p>\n<p>Isso porque \u201cos casos confirmados que n\u00e3o necessitam interna\u00e7\u00e3o hospitalar s\u00e3o, de forma geral, casos de menor gravidade e menor impacto no dia a dia da presta\u00e7\u00e3o de sa\u00fade\u201d, afirma.<\/p>\n<p><strong>Minas consciente<\/strong><\/p>\n<p>O\u00a0secret\u00e1rio\u00a0adjunto de\u00a0Desenvolvimento Econ\u00f4mico, Fernando Passalio, atualizou os n\u00fameros do\u00a0Plano Minas Consciente, que orienta a retomada segura das atividades econ\u00f4micas nos munic\u00edpios do estado.<br \/>\n\u201cAt\u00e9 o momento, 168 munic\u00edpios aderiram ao Minas Consciente, o que impacta mais de 4 milh\u00f5es de mineiros. Dentre as regi\u00f5es que mais aderiram ao programa est\u00e3o a Sudeste, com 49 munic\u00edpios, Centro-Sul, com 36, Centro, com 22 e Noroeste, com 15\u201d.<\/p>\n<p>Fernando Passalio informou, ainda, que o Comit\u00ea Extraordin\u00e1rio da Covid-19 manteve a suspen\u00e7\u00e3o da onda amarela do Minas Consciente. Dessa forma,\u00a0atualmente tr\u00eas macrorregi\u00f5es est\u00e3o na onda branca e outras 11encontram-se na onda verde. \u201cEssas mudan\u00e7as na metodologia se devem \u00e0 proximidade do pico, previsto para dia 15 de julho\u201d, esclarece o secret\u00e1rio adjunto de Desenvolvimento Econ\u00f4mico (Sede).<\/p>\n<p><strong>Fonte:<\/strong> Ag\u00eancia Minas<\/p>\n","protected":false},"excerpt":{"rendered":"<p>Nesta quinta-feira (2\/7), em coletiva virtual, o secret\u00e1rio de Estado de\u00a0Sa\u00fade\u00a0de Minas Gerais, Carlos Eduardo Amaral, falou sobre a import\u00e2ncia do papel desempenhado pelo Escrit\u00f3rio de Gest\u00e3o de Leitos, diante da proximidade do pico da covid-19 em Minas. \u201cAl\u00e9m de fazer o controle di\u00e1rio da situa\u00e7\u00e3o dos leitos no estado, o escrit\u00f3rio tamb\u00e9m \u00e9 encarregado [&hellip;]<\/p>\n","protected":false},"author":96,"featured_media":163693,"comment_status":"closed","ping_status":"closed","sticky":false,"template":"","format":"standard","meta":{"footnotes":""},"categories":[436,252,439],"tags":[],"class_list":["post-163692","post","type-post","status-publish","format-standard","has-post-thumbnail","hentry","category-destaque-da-semana","category-regiao","category-ultima-hora"],"_links":{"self":[{"href":"https:\/\/diarioregionaldigital.com.br\/index.php?rest_route=\/wp\/v2\/posts\/163692","targetHints":{"allow":["GET"]}}],"collection":[{"href":"https:\/\/diarioregionaldigital.com.br\/index.php?rest_route=\/wp\/v2\/posts"}],"about":[{"href":"https:\/\/diarioregionaldigital.com.br\/index.php?rest_route=\/wp\/v2\/types\/post"}],"author":[{"embeddable":true,"href":"https:\/\/diarioregionaldigital.com.br\/index.php?rest_route=\/wp\/v2\/users\/96"}],"replies":[{"embeddable":true,"href":"https:\/\/diarioregionaldigital.com.br\/index.php?rest_route=%2Fwp%2Fv2%2Fcomments&post=163692"}],"version-history":[{"count":0,"href":"https:\/\/diarioregionaldigital.com.br\/index.php?rest_route=\/wp\/v2\/posts\/163692\/revisions"}],"wp:featuredmedia":[{"embeddable":true,"href":"https:\/\/diarioregionaldigital.com.br\/index.php?rest_route=\/wp\/v2\/media\/163693"}],"wp:attachment":[{"href":"https:\/\/diarioregionaldigital.com.br\/index.php?rest_route=%2Fwp%2Fv2%2Fmedia&parent=163692"}],"wp:term":[{"taxonomy":"category","embeddable":true,"href":"https:\/\/diarioregionaldigital.com.br\/index.php?rest_route=%2Fwp%2Fv2%2Fcategories&post=163692"},{"taxonomy":"post_tag","embeddable":true,"href":"https:\/\/diarioregionaldigital.com.br\/index.php?rest_route=%2Fwp%2Fv2%2Ftags&post=163692"}],"curies":[{"name":"wp","href":"https:\/\/api.w.org\/{rel}","templated":true}]}}