{"id":163689,"date":"2020-07-02T16:57:17","date_gmt":"2020-07-02T19:57:17","guid":{"rendered":"https:\/\/diarioregionaldigital.com.br\/?p=163689"},"modified":"2020-07-02T16:57:17","modified_gmt":"2020-07-02T19:57:17","slug":"novos-radares-sao-instalados-em-estradas-mineiras","status":"publish","type":"post","link":"https:\/\/diarioregionaldigital.com.br\/?p=163689","title":{"rendered":"Novos radares s\u00e3o instalados em estradas mineiras"},"content":{"rendered":"<p>Quatro novos radares instalados em rodovias estaduais operam em car\u00e1ter educativo at\u00e9 a\u00a0pr\u00f3xima segunda-feira (6\/7). Quem passar na MG-010, no km 98,6, em Santana do Riacho; na MG-050, Km 70, em Mateus Leme; na MG-424,\u00a0 km 0,4, pr\u00f3ximo a Vespasiano,\u00a0e pela BR-146, km 526,9, na \u00e1rea de influ\u00eancia de Po\u00e7os de Caldas, deve redobrar a aten\u00e7\u00e3o para se adequar \u00e0 nova fiscaliza\u00e7\u00e3o.<\/p>\n<p>Os ve\u00edculos que excederem os limites estabelecidos ser\u00e3o autuados a partir de ter\u00e7a-feira (7\/7), quando os equipamentos come\u00e7am a operar em definitivo, registrando infra\u00e7\u00f5es de tr\u00e2nsito. Todos os trechos foram sinalizados com placas de velocidade m\u00e1xima permitida, variando entre 40 e 60 km\/h.<\/p>\n<p>O\u00a0Departamento de Edifica\u00e7\u00f5es e Estradas de Rodagem de Minas Gerais (DER-MG)\u00a0alerta que, independentemente do funcionamento dos radares, o respeito aos limites de velocidade, \u00e0 sinaliza\u00e7\u00e3o e \u00e0s leis de tr\u00e2nsito \u00e9 o que garante viagens mais seguras a todos.<\/p>\n<p>O DER-MG disponibiliza a rela\u00e7\u00e3o completa, incluindo a localiza\u00e7\u00e3o e a velocidade m\u00e1xima permitida, dos mais de 400 radares fixos em opera\u00e7\u00e3o no estado.<\/p>\n<p>Confira, no quadro a seguir,\u00a0os locais onde foram instalados os novos radares e os limites de velocidades:<\/p>\n<p><img decoding=\"async\" src=\"http:\/\/www.agenciaminas.mg.gov.br\/ckeditor_assets\/pictures\/8700\/content_radares_der.jpg\" alt=\"\" \/><\/p>\n<p><strong>Fonte:<\/strong> Ag\u00eancia Minas<\/p>\n","protected":false},"excerpt":{"rendered":"<p>Quatro novos radares instalados em rodovias estaduais operam em car\u00e1ter educativo at\u00e9 a\u00a0pr\u00f3xima segunda-feira (6\/7). Quem passar na MG-010, no km 98,6, em Santana do Riacho; na MG-050, Km 70, em Mateus Leme; na MG-424,\u00a0 km 0,4, pr\u00f3ximo a Vespasiano,\u00a0e pela BR-146, km 526,9, na \u00e1rea de influ\u00eancia de Po\u00e7os de Caldas, deve redobrar a [&hellip;]<\/p>\n","protected":false},"author":96,"featured_media":163690,"comment_status":"closed","ping_status":"closed","sticky":false,"template":"","format":"standard","meta":{"footnotes":""},"categories":[436,252,439],"tags":[],"class_list":["post-163689","post","type-post","status-publish","format-standard","has-post-thumbnail","hentry","category-destaque-da-semana","category-regiao","category-ultima-hora"],"_links":{"self":[{"href":"https:\/\/diarioregionaldigital.com.br\/index.php?rest_route=\/wp\/v2\/posts\/163689","targetHints":{"allow":["GET"]}}],"collection":[{"href":"https:\/\/diarioregionaldigital.com.br\/index.php?rest_route=\/wp\/v2\/posts"}],"about":[{"href":"https:\/\/diarioregionaldigital.com.br\/index.php?rest_route=\/wp\/v2\/types\/post"}],"author":[{"embeddable":true,"href":"https:\/\/diarioregionaldigital.com.br\/index.php?rest_route=\/wp\/v2\/users\/96"}],"replies":[{"embeddable":true,"href":"https:\/\/diarioregionaldigital.com.br\/index.php?rest_route=%2Fwp%2Fv2%2Fcomments&post=163689"}],"version-history":[{"count":0,"href":"https:\/\/diarioregionaldigital.com.br\/index.php?rest_route=\/wp\/v2\/posts\/163689\/revisions"}],"wp:featuredmedia":[{"embeddable":true,"href":"https:\/\/diarioregionaldigital.com.br\/index.php?rest_route=\/wp\/v2\/media\/163690"}],"wp:attachment":[{"href":"https:\/\/diarioregionaldigital.com.br\/index.php?rest_route=%2Fwp%2Fv2%2Fmedia&parent=163689"}],"wp:term":[{"taxonomy":"category","embeddable":true,"href":"https:\/\/diarioregionaldigital.com.br\/index.php?rest_route=%2Fwp%2Fv2%2Fcategories&post=163689"},{"taxonomy":"post_tag","embeddable":true,"href":"https:\/\/diarioregionaldigital.com.br\/index.php?rest_route=%2Fwp%2Fv2%2Ftags&post=163689"}],"curies":[{"name":"wp","href":"https:\/\/api.w.org\/{rel}","templated":true}]}}