{"id":163686,"date":"2020-07-02T16:55:20","date_gmt":"2020-07-02T19:55:20","guid":{"rendered":"https:\/\/diarioregionaldigital.com.br\/?p=163686"},"modified":"2020-07-02T16:55:20","modified_gmt":"2020-07-02T19:55:20","slug":"pcmg-apreende-grande-quantidade-de-drogas-durante-operacao-no-sao-mateus","status":"publish","type":"post","link":"https:\/\/diarioregionaldigital.com.br\/?p=163686","title":{"rendered":"PCMG apreende grande quantidade de drogas durante opera\u00e7\u00e3o no S\u00e3o Mateus"},"content":{"rendered":"<p><span style=\"font-weight: 400;\">A Pol\u00edcia Civil de Minas Gerais (PCMG), desencadeou nessa quinta-feira (2), uma opera\u00e7\u00e3o que resultou na pris\u00e3o de um casal de homem e mulher, e apreens\u00e3o de grande quantidade de drogas, no Bairro S\u00e3o Mateus (Regi\u00e3o Central) em Juiz de Fora.<\/span><\/p>\n<p><span style=\"font-weight: 400;\">Segundo o Delegado Rafael Gomes, o local em que os materiais e os suspeitos foram encontrados, \u00e9 conhecido como boca de fumo e que havia monitoramento de c\u00e2meras de seguran\u00e7a, que dificultava a\u00e7\u00e3o policial:<\/span><\/p>\n<p><span style=\"font-weight: 400;\">\u201c\u00c9 conhecido como boca de fumo. Tudo estava sendo monitorado para dificultar a a\u00e7\u00e3o policial, inclusive, no interior do im\u00f3vel, havia uma televis\u00e3o com imagens de monitoramento. Al\u00e9m disso, no port\u00e3o principal, refor\u00e7ado, havia uma campainha para que os usu\u00e1rios pudessem pedir as drogas. Depois dele, tamb\u00e9m nos deparamos com outro port\u00e3o, para dificultar o acesso.\u201d<\/span><\/p>\n<p><span style=\"font-weight: 400;\">A autoridade policial diz que durante abordagem, uma mulher foi presa e dois indiv\u00edduos fugiram do local, mas um deles foi pego e o outro est\u00e1 foragido. Os policiais fizeram buscas pelo local e encontraram 154 pedras de crack, cinco buchas de maconha, um papelote de coca\u00edna, uma balan\u00e7a de precis\u00e3o, dinheiro, uma faca e um cano estes escondidos em um guarda-roupa. A PCMG segue com as dilig\u00eancias em busca do outro suspeito.<\/span><\/p>\n","protected":false},"excerpt":{"rendered":"<p>A Pol\u00edcia Civil de Minas Gerais (PCMG), desencadeou nessa quinta-feira (2), uma opera\u00e7\u00e3o que resultou na pris\u00e3o de um casal de homem e mulher, e apreens\u00e3o de grande quantidade de drogas, no Bairro S\u00e3o Mateus (Regi\u00e3o Central) em Juiz de Fora. Segundo o Delegado Rafael Gomes, o local em que os materiais e os suspeitos [&hellip;]<\/p>\n","protected":false},"author":96,"featured_media":163687,"comment_status":"closed","ping_status":"closed","sticky":false,"template":"","format":"standard","meta":{"footnotes":""},"categories":[301,436,439],"tags":[],"class_list":["post-163686","post","type-post","status-publish","format-standard","has-post-thumbnail","hentry","category-artigos-policiais","category-destaque-da-semana","category-ultima-hora"],"_links":{"self":[{"href":"https:\/\/diarioregionaldigital.com.br\/index.php?rest_route=\/wp\/v2\/posts\/163686","targetHints":{"allow":["GET"]}}],"collection":[{"href":"https:\/\/diarioregionaldigital.com.br\/index.php?rest_route=\/wp\/v2\/posts"}],"about":[{"href":"https:\/\/diarioregionaldigital.com.br\/index.php?rest_route=\/wp\/v2\/types\/post"}],"author":[{"embeddable":true,"href":"https:\/\/diarioregionaldigital.com.br\/index.php?rest_route=\/wp\/v2\/users\/96"}],"replies":[{"embeddable":true,"href":"https:\/\/diarioregionaldigital.com.br\/index.php?rest_route=%2Fwp%2Fv2%2Fcomments&post=163686"}],"version-history":[{"count":0,"href":"https:\/\/diarioregionaldigital.com.br\/index.php?rest_route=\/wp\/v2\/posts\/163686\/revisions"}],"wp:featuredmedia":[{"embeddable":true,"href":"https:\/\/diarioregionaldigital.com.br\/index.php?rest_route=\/wp\/v2\/media\/163687"}],"wp:attachment":[{"href":"https:\/\/diarioregionaldigital.com.br\/index.php?rest_route=%2Fwp%2Fv2%2Fmedia&parent=163686"}],"wp:term":[{"taxonomy":"category","embeddable":true,"href":"https:\/\/diarioregionaldigital.com.br\/index.php?rest_route=%2Fwp%2Fv2%2Fcategories&post=163686"},{"taxonomy":"post_tag","embeddable":true,"href":"https:\/\/diarioregionaldigital.com.br\/index.php?rest_route=%2Fwp%2Fv2%2Ftags&post=163686"}],"curies":[{"name":"wp","href":"https:\/\/api.w.org\/{rel}","templated":true}]}}