{"id":163604,"date":"2020-07-01T22:16:09","date_gmt":"2020-07-02T01:16:09","guid":{"rendered":"https:\/\/diarioregionaldigital.com.br\/?p=163604"},"modified":"2020-07-01T22:16:09","modified_gmt":"2020-07-02T01:16:09","slug":"brasil-chega-a-60-mil-mortes-por-covid-19","status":"publish","type":"post","link":"https:\/\/diarioregionaldigital.com.br\/?p=163604","title":{"rendered":"Brasil chega a 60 mil mortes por covid-19"},"content":{"rendered":"<p>At\u00e9 o momento, 60.632 pessoas morreram em decorr\u00eancia da pandemia do novo coronav\u00edrus no Brasil, segundo atualiza\u00e7\u00e3o di\u00e1ria do Minist\u00e9rio da Sa\u00fade divulgada nesta quarta-feira (1\u00ba). Nas \u00faltimas 24 horas,\u00a01.038 pessoas perderam a vida por conta da covid-19. Ainda h\u00e1 3.931 \u00f3bitos em investiga\u00e7\u00e3o.<img decoding=\"async\" src=\"https:\/\/agenciabrasil.ebc.com.br\/ebc.png?id=1310692&amp;o=node\" \/><\/p>\n<p>Contudo, na avalia\u00e7\u00e3o do Minist\u00e9rio da Sa\u00fade, o pa\u00eds atingiu um\u00a0<em>plat\u00f4<\/em>, quando a curva do\u00a0n\u00famero de\u00a0mortes entra em um momento de estabiliza\u00e7\u00e3o. Nas \u00faltimas semanas, o total de novos \u00f3bitos v\u00eam oscilando.<\/p>\n<p>Ainda de acordo com o balan\u00e7o do Minist\u00e9rio da Sa\u00fade, foram registrados 46.712 novos casos confirmados da doen\u00e7a. Com isso, o total de casos acumulados de covid-19 subiu para 1.488.753. Diferentemente da curva de mortes, na evolu\u00e7\u00e3o dos n\u00fameros de pessoas infectadas o Brasil segue subindo.<\/p>\n<p>\u201cA curva de novos casos vai numa inclina\u00e7\u00e3o e a curva dos \u00f3bitos tem se mantido\u201d, afirmou o secret\u00e1rio de Vigil\u00e2ncia em Sa\u00fade do Minist\u00e9rio da Sa\u00fade, Arnaldo de Medeiros, em entrevista coletiva hoje no Pal\u00e1cio do Planalto.<\/p>\n<p>Dados do Minist\u00e9rio da Sa\u00fade mostram que\u00a0561.255 pacientes est\u00e3o\u00a0em observa\u00e7\u00e3o, enquanto o total de recuperados desde o in\u00edcio da pandemia \u00e9 de 826.866.<\/p>\n<p>Conforme mostra tabela do do Minist\u00e9rio da Sa\u00fade, os estados onde mais ocorreram \u00f3bitos por covid-19 foram\u00a0S\u00e3o Paulo (15.030), Rio\u00a0de Janeiro\u00a0(10.198), Cear\u00e1 (6.180), Par\u00e1 (4.960) e Pernambuco (4.894). J\u00e1 as Unidades da Federa\u00e7\u00e3o com menos \u00f3bitos foram\u00a0Mato Grosso do Sul (85), Tocantins (204), Roraima (314), Santa Catarina (347) e Acre (370).<\/p>\n<p>At\u00e9 o momento, 5.021 munic\u00edpios\u00a0registram casos do novo coronav\u00edrus, o que equivale a 90,1% de todas as cidades do pa\u00eds. E 2.551 munic\u00edpios registraram \u00f3bitos por covid-19,\u00a0o equivalente a 45,8% das cidades.<\/p>\n<p>O boletim confirmou a tend\u00eancia de interioriza\u00e7\u00e3o da pandemia. H\u00e1 pouco mais de um m\u00eas, eram registrados mais \u00f3bitos nas capitais do que nas demais cidades. Esta propor\u00e7\u00e3o se inverteu, chegando na 26\u00aa\u00a0semana epidemiol\u00f3gica com 62% das mortes em consequ\u00eancia da covid-19 no interior e 38% nas capitais.<\/p>\n<p>J\u00e1 quando considerados os casos confirmados, h\u00e1 mais de dois meses, as notifica\u00e7\u00f5es nas capitais passavam dos 60%. Na \u00faltima semana, este \u00edndice caiu para pouco menos de 50%, com maior ocorr\u00eancia de pessoas infectadas no interior.<\/p>\n<p><strong>SRAG<\/strong><\/p>\n<p>As hospitaliza\u00e7\u00f5es por S\u00edndrome Respirat\u00f3ria Aguda Grave (SRAG) somaram at\u00e9 o momento 323.423. Deste total, 148.785 foram por covid-19 e 70.710 ainda est\u00e3o em investiga\u00e7\u00e3o da causa. Na \u00faltima semana, foram notificadas 32.730 novas hospitaliza\u00e7\u00f5es, sendo\u00a020.246 (61,9%) por covid-19.<\/p>\n<p>Em rela\u00e7\u00e3o ao perfil dos internados, 50% tinham acima de 60 anos, 43% eram mulheres e 57% eram homens. No recorte por ra\u00e7a e cor, 31,1% eram pardos, 28% eram brancos, 4,6% eram pretos, 0,9% era\u00a0amarelo, 0,3% era\u00a0ind\u00edgena\u00a0e outros 35,1% n\u00e3o informaram essa caracter\u00edstica.<\/p>\n<p><strong>Fonte:\u00a0<\/strong>Ag\u00eancia Brasil<\/p>\n","protected":false},"excerpt":{"rendered":"<p>At\u00e9 o momento, 60.632 pessoas morreram em decorr\u00eancia da pandemia do novo coronav\u00edrus no Brasil, segundo atualiza\u00e7\u00e3o di\u00e1ria do Minist\u00e9rio da Sa\u00fade divulgada nesta quarta-feira (1\u00ba). Nas \u00faltimas 24 horas,\u00a01.038 pessoas perderam a vida por conta da covid-19. Ainda h\u00e1 3.931 \u00f3bitos em investiga\u00e7\u00e3o. Contudo, na avalia\u00e7\u00e3o do Minist\u00e9rio da Sa\u00fade, o pa\u00eds atingiu um\u00a0plat\u00f4, [&hellip;]<\/p>\n","protected":false},"author":96,"featured_media":163605,"comment_status":"closed","ping_status":"closed","sticky":false,"template":"","format":"standard","meta":{"footnotes":""},"categories":[302,436,440,439],"tags":[],"class_list":["post-163604","post","type-post","status-publish","format-standard","has-post-thumbnail","hentry","category-brasil-mundo","category-destaque-da-semana","category-destaques-do-dia","category-ultima-hora"],"_links":{"self":[{"href":"https:\/\/diarioregionaldigital.com.br\/index.php?rest_route=\/wp\/v2\/posts\/163604","targetHints":{"allow":["GET"]}}],"collection":[{"href":"https:\/\/diarioregionaldigital.com.br\/index.php?rest_route=\/wp\/v2\/posts"}],"about":[{"href":"https:\/\/diarioregionaldigital.com.br\/index.php?rest_route=\/wp\/v2\/types\/post"}],"author":[{"embeddable":true,"href":"https:\/\/diarioregionaldigital.com.br\/index.php?rest_route=\/wp\/v2\/users\/96"}],"replies":[{"embeddable":true,"href":"https:\/\/diarioregionaldigital.com.br\/index.php?rest_route=%2Fwp%2Fv2%2Fcomments&post=163604"}],"version-history":[{"count":0,"href":"https:\/\/diarioregionaldigital.com.br\/index.php?rest_route=\/wp\/v2\/posts\/163604\/revisions"}],"wp:featuredmedia":[{"embeddable":true,"href":"https:\/\/diarioregionaldigital.com.br\/index.php?rest_route=\/wp\/v2\/media\/163605"}],"wp:attachment":[{"href":"https:\/\/diarioregionaldigital.com.br\/index.php?rest_route=%2Fwp%2Fv2%2Fmedia&parent=163604"}],"wp:term":[{"taxonomy":"category","embeddable":true,"href":"https:\/\/diarioregionaldigital.com.br\/index.php?rest_route=%2Fwp%2Fv2%2Fcategories&post=163604"},{"taxonomy":"post_tag","embeddable":true,"href":"https:\/\/diarioregionaldigital.com.br\/index.php?rest_route=%2Fwp%2Fv2%2Ftags&post=163604"}],"curies":[{"name":"wp","href":"https:\/\/api.w.org\/{rel}","templated":true}]}}