{"id":163601,"date":"2020-07-01T18:03:57","date_gmt":"2020-07-01T21:03:57","guid":{"rendered":"https:\/\/diarioregionaldigital.com.br\/?p=163601"},"modified":"2020-07-01T18:04:18","modified_gmt":"2020-07-01T21:04:18","slug":"juiz-de-fora-tem-mais-de-200-casos-confirmados-em-24h","status":"publish","type":"post","link":"https:\/\/diarioregionaldigital.com.br\/?p=163601","title":{"rendered":"Juiz de Fora tem mais de 200 novos casos confirmados em 24h"},"content":{"rendered":"<p>A Secretaria de Sa\u00fade (SS) da Prefeitura de Juiz de Fora (PJF), registrou em boletim epidemiol\u00f3gico divulgado nesta quarta-feira (1), mais 214 novos casos confirmados por Coronav\u00edrus, totalizando 1.944. O novo levantamento registrou mais um \u00f3bito, totalizando 57. \u00a0v\u00edtima \u00e9 uma idosa de 84 anos que tinha Doen\u00e7a Cardiovascular Cr\u00f4nica (DCC), Hipertens\u00e3o Arterial Sist\u00eamica (HAS) e pneumopatia cr\u00f4nica. Conforme o boletim, os casos suspeitos chegam a 8.217.<\/p>\n","protected":false},"excerpt":{"rendered":"<p>A Secretaria de Sa\u00fade (SS) da Prefeitura de Juiz de Fora (PJF), registrou em boletim epidemiol\u00f3gico divulgado nesta quarta-feira (1), mais 214 novos casos confirmados por Coronav\u00edrus, totalizando 1.944. O novo levantamento registrou mais um \u00f3bito, totalizando 57. \u00a0v\u00edtima \u00e9 uma idosa de 84 anos que tinha Doen\u00e7a Cardiovascular Cr\u00f4nica (DCC), Hipertens\u00e3o Arterial Sist\u00eamica (HAS) [&hellip;]<\/p>\n","protected":false},"author":96,"featured_media":163009,"comment_status":"closed","ping_status":"closed","sticky":false,"template":"","format":"standard","meta":{"footnotes":""},"categories":[253,436,440,439],"tags":[],"class_list":["post-163601","post","type-post","status-publish","format-standard","has-post-thumbnail","hentry","category-cidade","category-destaque-da-semana","category-destaques-do-dia","category-ultima-hora"],"_links":{"self":[{"href":"https:\/\/diarioregionaldigital.com.br\/index.php?rest_route=\/wp\/v2\/posts\/163601","targetHints":{"allow":["GET"]}}],"collection":[{"href":"https:\/\/diarioregionaldigital.com.br\/index.php?rest_route=\/wp\/v2\/posts"}],"about":[{"href":"https:\/\/diarioregionaldigital.com.br\/index.php?rest_route=\/wp\/v2\/types\/post"}],"author":[{"embeddable":true,"href":"https:\/\/diarioregionaldigital.com.br\/index.php?rest_route=\/wp\/v2\/users\/96"}],"replies":[{"embeddable":true,"href":"https:\/\/diarioregionaldigital.com.br\/index.php?rest_route=%2Fwp%2Fv2%2Fcomments&post=163601"}],"version-history":[{"count":0,"href":"https:\/\/diarioregionaldigital.com.br\/index.php?rest_route=\/wp\/v2\/posts\/163601\/revisions"}],"wp:featuredmedia":[{"embeddable":true,"href":"https:\/\/diarioregionaldigital.com.br\/index.php?rest_route=\/wp\/v2\/media\/163009"}],"wp:attachment":[{"href":"https:\/\/diarioregionaldigital.com.br\/index.php?rest_route=%2Fwp%2Fv2%2Fmedia&parent=163601"}],"wp:term":[{"taxonomy":"category","embeddable":true,"href":"https:\/\/diarioregionaldigital.com.br\/index.php?rest_route=%2Fwp%2Fv2%2Fcategories&post=163601"},{"taxonomy":"post_tag","embeddable":true,"href":"https:\/\/diarioregionaldigital.com.br\/index.php?rest_route=%2Fwp%2Fv2%2Ftags&post=163601"}],"curies":[{"name":"wp","href":"https:\/\/api.w.org\/{rel}","templated":true}]}}