{"id":163595,"date":"2020-07-01T17:53:48","date_gmt":"2020-07-01T20:53:48","guid":{"rendered":"https:\/\/diarioregionaldigital.com.br\/?p=163595"},"modified":"2020-07-01T17:53:48","modified_gmt":"2020-07-01T20:53:48","slug":"adolescente-e-preso-com-posse-de-drogas-no-poco-rico","status":"publish","type":"post","link":"https:\/\/diarioregionaldigital.com.br\/?p=163595","title":{"rendered":"Adolescente \u00e9 preso com posse de drogas no Po\u00e7o Rico"},"content":{"rendered":"<p>A Pol\u00edcia Militar (PM), prendeu nesta quarta-feira (1), um menor infrator de 17 anos, por tr\u00e1fico de drogas no Bairro Po\u00e7o Rico (Regi\u00e3o Leste) em Juiz de Fora. Segundo informa\u00e7\u00f5es da PM, o adolescente foi encontrado pr\u00f3ximo a linha f\u00e9rrea e o mesmo exerce fun\u00e7\u00f5es para um foragido da justi\u00e7a. Ao avistar a presen\u00e7a policial, o autor fugiu do local mas foi interceptado em um matagal nas imedia\u00e7\u00f5es.<\/p>\n<p>Os policiais realizaram buscas pessoais e encontraram <span style=\"font-weight: 400;\">74 pedras de subst\u00e2ncias qu\u00edmicas amarelada an\u00e1loga ao crack, dois <\/span><span style=\"font-weight: 400;\">tabletes de subst\u00e2ncias qu\u00edmicas esverdeada an\u00e1loga \u00e0 maconha, R$400 em dinheiro e uma bola de haxixe. O menor foi preso em flagrante e encaminhado para a Delegacia, junto com os materiais apreendidos.<\/span><\/p>\n","protected":false},"excerpt":{"rendered":"<p>A Pol\u00edcia Militar (PM), prendeu nesta quarta-feira (1), um menor infrator de 17 anos, por tr\u00e1fico de drogas no Bairro Po\u00e7o Rico (Regi\u00e3o Leste) em Juiz de Fora. Segundo informa\u00e7\u00f5es da PM, o adolescente foi encontrado pr\u00f3ximo a linha f\u00e9rrea e o mesmo exerce fun\u00e7\u00f5es para um foragido da justi\u00e7a. Ao avistar a presen\u00e7a policial, [&hellip;]<\/p>\n","protected":false},"author":96,"featured_media":163596,"comment_status":"closed","ping_status":"closed","sticky":false,"template":"","format":"standard","meta":{"footnotes":""},"categories":[301,436,439],"tags":[],"class_list":["post-163595","post","type-post","status-publish","format-standard","has-post-thumbnail","hentry","category-artigos-policiais","category-destaque-da-semana","category-ultima-hora"],"_links":{"self":[{"href":"https:\/\/diarioregionaldigital.com.br\/index.php?rest_route=\/wp\/v2\/posts\/163595","targetHints":{"allow":["GET"]}}],"collection":[{"href":"https:\/\/diarioregionaldigital.com.br\/index.php?rest_route=\/wp\/v2\/posts"}],"about":[{"href":"https:\/\/diarioregionaldigital.com.br\/index.php?rest_route=\/wp\/v2\/types\/post"}],"author":[{"embeddable":true,"href":"https:\/\/diarioregionaldigital.com.br\/index.php?rest_route=\/wp\/v2\/users\/96"}],"replies":[{"embeddable":true,"href":"https:\/\/diarioregionaldigital.com.br\/index.php?rest_route=%2Fwp%2Fv2%2Fcomments&post=163595"}],"version-history":[{"count":0,"href":"https:\/\/diarioregionaldigital.com.br\/index.php?rest_route=\/wp\/v2\/posts\/163595\/revisions"}],"wp:featuredmedia":[{"embeddable":true,"href":"https:\/\/diarioregionaldigital.com.br\/index.php?rest_route=\/wp\/v2\/media\/163596"}],"wp:attachment":[{"href":"https:\/\/diarioregionaldigital.com.br\/index.php?rest_route=%2Fwp%2Fv2%2Fmedia&parent=163595"}],"wp:term":[{"taxonomy":"category","embeddable":true,"href":"https:\/\/diarioregionaldigital.com.br\/index.php?rest_route=%2Fwp%2Fv2%2Fcategories&post=163595"},{"taxonomy":"post_tag","embeddable":true,"href":"https:\/\/diarioregionaldigital.com.br\/index.php?rest_route=%2Fwp%2Fv2%2Ftags&post=163595"}],"curies":[{"name":"wp","href":"https:\/\/api.w.org\/{rel}","templated":true}]}}