{"id":163592,"date":"2020-07-01T17:34:21","date_gmt":"2020-07-01T20:34:21","guid":{"rendered":"https:\/\/diarioregionaldigital.com.br\/?p=163592"},"modified":"2020-07-01T17:34:21","modified_gmt":"2020-07-01T20:34:21","slug":"camara-aprova-suspensao-por-um-mes-dos-contratos-dos-professores","status":"publish","type":"post","link":"https:\/\/diarioregionaldigital.com.br\/?p=163592","title":{"rendered":"C\u00e2mara aprova suspens\u00e3o por um m\u00eas dos contratos dos professores"},"content":{"rendered":"<p>Depois de muitas horas de discuss\u00f5es em que se debru\u00e7aram sobre as especificidades do projeto de lei complementar enviado pelo Poder Executivo que suspende a contrata\u00e7\u00e3o de professores tempor\u00e1rios da rede municipal, os vereadores aprovaram a Mensagem com duas emendas substitutivas, apresentadas pelos vereadores Juraci Scheffer (PT) e J\u00falio Obama Jr. (PODE) e assinadas pela vereadora Ana do Pde. Frederico (PATRIOTA) e pelos vereadores Marlon Siqueira (PP), Cido Reis (PSB), Luiz Ot\u00e1vio Fernandes &#8211; Pardal (PSL), Rodrigo Mattos (CIDADANIA), Kennedy Ribeiro (PV), Dr. Fiorilo (PL), Ant\u00f4nio Aguiar (DEM), Andr\u00e9 Mariano (PSL), Wagner do Sindicato (CIDADANIA), Vagner de Oliveira (PSB), Sargento Melo Casal (PTB), Coteca (PL), Z\u00e9 M\u00e1rcio &#8211; Garotinho (PV), Wanderson Castelar (PT) e Nilton Milit\u00e3o (PSB). De acordo com o texto aprovado enviado pela Prefeitura, os contratos est\u00e3o suspensos, temporariamente, durante o per\u00edodo de f\u00e9rias. Com 16 votos favor\u00e1veis e um contr\u00e1rio, os vereadores aprovaram, tamb\u00e9m em Plen\u00e1rio, duas emendas. As inclus\u00f5es de Juraci e Obama ao texto garantem, respectivamente, a cria\u00e7\u00e3o de um aux\u00edlio emergencial no valor de R$ 1.445, a ser pago em julho, e a previs\u00e3o, em lei, do retorno dos contratos a partir de 1\u00bade agosto de 2020.<\/p>\n<p><strong>Fonte:\u00a0<\/strong>Assessoria<\/p>\n","protected":false},"excerpt":{"rendered":"<p>Depois de muitas horas de discuss\u00f5es em que se debru\u00e7aram sobre as especificidades do projeto de lei complementar enviado pelo Poder Executivo que suspende a contrata\u00e7\u00e3o de professores tempor\u00e1rios da rede municipal, os vereadores aprovaram a Mensagem com duas emendas substitutivas, apresentadas pelos vereadores Juraci Scheffer (PT) e J\u00falio Obama Jr. (PODE) e assinadas pela [&hellip;]<\/p>\n","protected":false},"author":96,"featured_media":163593,"comment_status":"closed","ping_status":"closed","sticky":false,"template":"","format":"standard","meta":{"footnotes":""},"categories":[253,436,439],"tags":[],"class_list":["post-163592","post","type-post","status-publish","format-standard","has-post-thumbnail","hentry","category-cidade","category-destaque-da-semana","category-ultima-hora"],"_links":{"self":[{"href":"https:\/\/diarioregionaldigital.com.br\/index.php?rest_route=\/wp\/v2\/posts\/163592","targetHints":{"allow":["GET"]}}],"collection":[{"href":"https:\/\/diarioregionaldigital.com.br\/index.php?rest_route=\/wp\/v2\/posts"}],"about":[{"href":"https:\/\/diarioregionaldigital.com.br\/index.php?rest_route=\/wp\/v2\/types\/post"}],"author":[{"embeddable":true,"href":"https:\/\/diarioregionaldigital.com.br\/index.php?rest_route=\/wp\/v2\/users\/96"}],"replies":[{"embeddable":true,"href":"https:\/\/diarioregionaldigital.com.br\/index.php?rest_route=%2Fwp%2Fv2%2Fcomments&post=163592"}],"version-history":[{"count":0,"href":"https:\/\/diarioregionaldigital.com.br\/index.php?rest_route=\/wp\/v2\/posts\/163592\/revisions"}],"wp:featuredmedia":[{"embeddable":true,"href":"https:\/\/diarioregionaldigital.com.br\/index.php?rest_route=\/wp\/v2\/media\/163593"}],"wp:attachment":[{"href":"https:\/\/diarioregionaldigital.com.br\/index.php?rest_route=%2Fwp%2Fv2%2Fmedia&parent=163592"}],"wp:term":[{"taxonomy":"category","embeddable":true,"href":"https:\/\/diarioregionaldigital.com.br\/index.php?rest_route=%2Fwp%2Fv2%2Fcategories&post=163592"},{"taxonomy":"post_tag","embeddable":true,"href":"https:\/\/diarioregionaldigital.com.br\/index.php?rest_route=%2Fwp%2Fv2%2Ftags&post=163592"}],"curies":[{"name":"wp","href":"https:\/\/api.w.org\/{rel}","templated":true}]}}