{"id":163586,"date":"2020-07-01T17:11:52","date_gmt":"2020-07-01T20:11:52","guid":{"rendered":"https:\/\/diarioregionaldigital.com.br\/?p=163586"},"modified":"2020-07-01T17:11:52","modified_gmt":"2020-07-01T20:11:52","slug":"romeu-zema-faz-balanco-da-abertura-de-leitos-de-uti-no-estado","status":"publish","type":"post","link":"https:\/\/diarioregionaldigital.com.br\/?p=163586","title":{"rendered":"Romeu Zema faz balan\u00e7o da abertura de leitos de UTI no estado"},"content":{"rendered":"<p>O governador Romeu Zema lamentou, durante pronunciamento virtual realizado nesta quarta-feira (1\/7), os 1.007 \u00f3bitos no estado em raz\u00e3o da pandemia da covid-19. Ainda em sua fala, Zema anunciou que a rede p\u00fablica estadual atingiu o n\u00famero de 3.234 leitos de UTI.<\/p>\n<p>\u201cComo governador do Estado, me solidarizo aos familiares e amigos de cada uma dessas pessoas, em nome de todos os mineiros\u201d, disse durante a transmiss\u00e3o realizada pelas redes sociais e pela Rede Minas.<\/p>\n<p>Em fevereiro, o Estado contava com 2.072 leitos de UTI, o que representa um aumento de 56% nos leitos dispon\u00edveis hoje. Zema explicou que o adiamento do pico da curva de contamina\u00e7\u00e3o possibilitou que o governo estadual pudesse melhorar as condi\u00e7\u00f5es da assist\u00eancia em sa\u00fade aos cidad\u00e3os.<\/p>\n<p>\u201cSomente nos \u00faltimos 15 dias, conseguimos disponibilizar mais 270 novos leitos. No decorrer deste m\u00eas uma quantidade semelhante a esta passar\u00e1 a operar. A amplia\u00e7\u00e3o \u00e9 um esfor\u00e7o conjunto entre o Estado, Minist\u00e9rio da Sa\u00fade, prefeituras e hospitais parceiros\u201d, explicou.<\/p>\n<p><b>Respiradores<\/b><\/p>\n<p>Zema enfatizou, durante seu pronunciamento, que o Estado n\u00e3o ficou restrito em ampliar o n\u00famero de leitos. \u201cAdquirimos 1.047 respiradores, sendo que mais de 400 j\u00e1 chegaram. Eles v\u00eam sendo distribu\u00eddos aos munic\u00edpios de acordo com a necessidade de cada regi\u00e3o\u201d, afirmou.<\/p>\n<p><b>Hospital de Campanha<\/b><\/p>\n<p>Outra medida destacada pelo governador foi o Hospital de Campanha, que entrar\u00e1 em funcionamento assim que for necess\u00e1rio. \u201cIsso acontecer\u00e1 caso a nossa capacidade de expans\u00e3o de leitos n\u00e3o atenda mais todas as pessoas que precisam de atendimento\u201d, disse.<\/p>\n<p><b>Conscientiza\u00e7\u00e3o<\/b><\/p>\n<p>O governador aproveitou a ocasi\u00e3o para enfatizar aos mineiros a gravidade da doen\u00e7a e a necessidade dos cuidados. \u201cPe\u00e7o que a popula\u00e7\u00e3o reflita sobre a import\u00e2ncia de seguirmos com as medidas de isolamento e higiene. \u00c9 necess\u00e1rio usar m\u00e1scaras e evitar aglomera\u00e7\u00f5es. Se poss\u00edvel, pe\u00e7o que as pessoas fiquem em casa\u201d, avaliou.<\/p>\n<p>Zema reafirmou que o governo estadual seguir\u00e1 fazendo a sua parte para que o sistema de sa\u00fade consiga receber todas as pessoas que necessitarem de atendimento. \u201cApesar do elevado e triste n\u00famero de v\u00edtimas fatais, nenhum mineiro perdeu a batalha contra a covid-19 por falta de assist\u00eancia m\u00e9dica\u201d, afirmou.<\/p>\n<p><b>Quantidade de leitos de UTI abertos no Estado desde fevereiro por regi\u00e3o:<\/b><\/p>\n<p><img decoding=\"async\" src=\"http:\/\/www.agenciaminas.mg.gov.br\/ckeditor_assets\/pictures\/8680\/content_tabela.jpg\" \/><\/p>\n<p><strong>Fonte:<\/strong> Ag\u00eancia Minas<\/p>\n","protected":false},"excerpt":{"rendered":"<p>O governador Romeu Zema lamentou, durante pronunciamento virtual realizado nesta quarta-feira (1\/7), os 1.007 \u00f3bitos no estado em raz\u00e3o da pandemia da covid-19. Ainda em sua fala, Zema anunciou que a rede p\u00fablica estadual atingiu o n\u00famero de 3.234 leitos de UTI. \u201cComo governador do Estado, me solidarizo aos familiares e amigos de cada uma [&hellip;]<\/p>\n","protected":false},"author":96,"featured_media":163587,"comment_status":"closed","ping_status":"closed","sticky":false,"template":"","format":"standard","meta":{"footnotes":""},"categories":[436,252,439],"tags":[],"class_list":["post-163586","post","type-post","status-publish","format-standard","has-post-thumbnail","hentry","category-destaque-da-semana","category-regiao","category-ultima-hora"],"_links":{"self":[{"href":"https:\/\/diarioregionaldigital.com.br\/index.php?rest_route=\/wp\/v2\/posts\/163586","targetHints":{"allow":["GET"]}}],"collection":[{"href":"https:\/\/diarioregionaldigital.com.br\/index.php?rest_route=\/wp\/v2\/posts"}],"about":[{"href":"https:\/\/diarioregionaldigital.com.br\/index.php?rest_route=\/wp\/v2\/types\/post"}],"author":[{"embeddable":true,"href":"https:\/\/diarioregionaldigital.com.br\/index.php?rest_route=\/wp\/v2\/users\/96"}],"replies":[{"embeddable":true,"href":"https:\/\/diarioregionaldigital.com.br\/index.php?rest_route=%2Fwp%2Fv2%2Fcomments&post=163586"}],"version-history":[{"count":0,"href":"https:\/\/diarioregionaldigital.com.br\/index.php?rest_route=\/wp\/v2\/posts\/163586\/revisions"}],"wp:featuredmedia":[{"embeddable":true,"href":"https:\/\/diarioregionaldigital.com.br\/index.php?rest_route=\/wp\/v2\/media\/163587"}],"wp:attachment":[{"href":"https:\/\/diarioregionaldigital.com.br\/index.php?rest_route=%2Fwp%2Fv2%2Fmedia&parent=163586"}],"wp:term":[{"taxonomy":"category","embeddable":true,"href":"https:\/\/diarioregionaldigital.com.br\/index.php?rest_route=%2Fwp%2Fv2%2Fcategories&post=163586"},{"taxonomy":"post_tag","embeddable":true,"href":"https:\/\/diarioregionaldigital.com.br\/index.php?rest_route=%2Fwp%2Fv2%2Ftags&post=163586"}],"curies":[{"name":"wp","href":"https:\/\/api.w.org\/{rel}","templated":true}]}}