{"id":163583,"date":"2020-07-01T17:09:26","date_gmt":"2020-07-01T20:09:26","guid":{"rendered":"https:\/\/diarioregionaldigital.com.br\/?p=163583"},"modified":"2020-07-01T17:09:26","modified_gmt":"2020-07-01T20:09:26","slug":"esforcos-do-estado-controlam-crescimento-da-curva-de-covid-19","status":"publish","type":"post","link":"https:\/\/diarioregionaldigital.com.br\/?p=163583","title":{"rendered":"Esfor\u00e7os do Estado controlam crescimento da curva de covid-19"},"content":{"rendered":"<p>Nesta quarta-feira (1), durante pronunciamento, o governador Romeu Zema prestou solidariedade aos familiares e amigos das 1.007 v\u00edtimas fatais da covid-19 e refor\u00e7ou que o Estado segue adotando todas as medidas necess\u00e1rias para garantir o atendimento \u00e0 popula\u00e7\u00e3o.<\/p>\n<p>\u201cNenhum desses \u00f3bitos registrados em Minas ocorreu devido \u00e0 falta de atendimento. Refor\u00e7amos que, desde mar\u00e7o, temos atuado diariamente para retardar e amenizar o crescimento da curva de casos. Como a previs\u00e3o de pico est\u00e1 para o m\u00eas de julho, considero que estamos conduzindo a situa\u00e7\u00e3o da forma adequada, dentro daquilo que est\u00e1 ao nosso alcance\u201d, afirmou.<\/p>\n<p>Al\u00e9m de destacar a amplia\u00e7\u00e3o da oferta de leitos de UTI \u2013 que passaram de\u00a02.072\u00a0em fevereiro para\u00a03.234\u00a0nesta quarta-feira (1\/7), o governador tamb\u00e9m\u00a0falou sobre a compra de respiradores e afirmou que o Hospital de Campanha entrar\u00e1 em funcionamento assim que for necess\u00e1rio. \u201cO Governo de Minas adquiriu, ainda, 1.047 respiradores para o combate \u00e0 covid-19. A destina\u00e7\u00e3o dos equipamentos est\u00e1 sendo determinada conforme crit\u00e9rios epidemiol\u00f3gicos e assistenciais\u201d, disse.<\/p>\n<p><strong>Aumento de casos<\/strong><\/p>\n<p>O secret\u00e1rio de Estado de Sa\u00fade de Minas Gerais, Carlos Eduardo Amaral, destacou que,\u00a0neste momento, observa-se uma progress\u00e3o da curva de casos de covid-19. Segundo ele, este \u00e9 um resultado do desenvolvimento natural da epidemia.\u00a0Al\u00e9m disso, o aumento de testagem por meio dos testes r\u00e1pidos e a mudan\u00e7a metodol\u00f3gica na forma de alimentar o banco de dados da SES-MG explicam o aumento mais expressivo no n\u00famero de casos registrado nos \u00faltimos dias.<\/p>\n<p>O secret\u00e1rio adjunto da SES-MG, Marcelo Cabral, destacou que os crit\u00e9rios para a testagem pela rede p\u00fablica s\u00e3o definidos pelo Minist\u00e9rio da Sa\u00fade. \u201cNo caso do teste r\u00e1pido, s\u00e3o grupos indicados para testagem os profissionais da Sa\u00fade e da Seguran\u00e7a P\u00fablica em atividade, pessoas que residam no mesmo domic\u00edlio desses trabalhadores e pessoas com idade igual ou superior a 60 anos. J\u00e1 com rela\u00e7\u00e3o ao PCR, podemos citar a popula\u00e7\u00e3o ind\u00edgena aldeada e os profissionais da Seguran\u00e7a P\u00fablica e da Sa\u00fade que apresentem sintomas\u201d, explicou.<\/p>\n<p><strong>Sa\u00fade Digital MG<\/strong><\/p>\n<p>Durante a coletiva, Carlos Eduardo Amaral voltou a indicar que a popula\u00e7\u00e3o utilize o aplicativo Sa\u00fade Digital MG, plataforma oficial do Estado que oferece um direcionamento para o acesso \u00e0 Sa\u00fade, neste momento de pandemia da covid-19.<\/p>\n<p>\u201cOrientamos os mineiros que tenham sintomas gripais a fazerem a avalia\u00e7\u00e3o por meio do aplicativo. A partir dessa avalia\u00e7\u00e3o, a pessoa poder\u00e1 ser encaminhada para uma consulta de telemedicina, o que possibilita o atendimento em qualquer lugar do estado, al\u00e9m de evitar deslocamentos desnecess\u00e1rios e aglomera\u00e7\u00f5es\u201d, explica o secret\u00e1rio de Sa\u00fade.<\/p>\n<p><strong>Fonte:\u00a0<\/strong>Ag\u00eancia Minas<\/p>\n","protected":false},"excerpt":{"rendered":"<p>Nesta quarta-feira (1), durante pronunciamento, o governador Romeu Zema prestou solidariedade aos familiares e amigos das 1.007 v\u00edtimas fatais da covid-19 e refor\u00e7ou que o Estado segue adotando todas as medidas necess\u00e1rias para garantir o atendimento \u00e0 popula\u00e7\u00e3o. \u201cNenhum desses \u00f3bitos registrados em Minas ocorreu devido \u00e0 falta de atendimento. Refor\u00e7amos que, desde mar\u00e7o, temos [&hellip;]<\/p>\n","protected":false},"author":96,"featured_media":163584,"comment_status":"closed","ping_status":"closed","sticky":false,"template":"","format":"standard","meta":{"footnotes":""},"categories":[436,252,439],"tags":[],"class_list":["post-163583","post","type-post","status-publish","format-standard","has-post-thumbnail","hentry","category-destaque-da-semana","category-regiao","category-ultima-hora"],"_links":{"self":[{"href":"https:\/\/diarioregionaldigital.com.br\/index.php?rest_route=\/wp\/v2\/posts\/163583","targetHints":{"allow":["GET"]}}],"collection":[{"href":"https:\/\/diarioregionaldigital.com.br\/index.php?rest_route=\/wp\/v2\/posts"}],"about":[{"href":"https:\/\/diarioregionaldigital.com.br\/index.php?rest_route=\/wp\/v2\/types\/post"}],"author":[{"embeddable":true,"href":"https:\/\/diarioregionaldigital.com.br\/index.php?rest_route=\/wp\/v2\/users\/96"}],"replies":[{"embeddable":true,"href":"https:\/\/diarioregionaldigital.com.br\/index.php?rest_route=%2Fwp%2Fv2%2Fcomments&post=163583"}],"version-history":[{"count":0,"href":"https:\/\/diarioregionaldigital.com.br\/index.php?rest_route=\/wp\/v2\/posts\/163583\/revisions"}],"wp:featuredmedia":[{"embeddable":true,"href":"https:\/\/diarioregionaldigital.com.br\/index.php?rest_route=\/wp\/v2\/media\/163584"}],"wp:attachment":[{"href":"https:\/\/diarioregionaldigital.com.br\/index.php?rest_route=%2Fwp%2Fv2%2Fmedia&parent=163583"}],"wp:term":[{"taxonomy":"category","embeddable":true,"href":"https:\/\/diarioregionaldigital.com.br\/index.php?rest_route=%2Fwp%2Fv2%2Fcategories&post=163583"},{"taxonomy":"post_tag","embeddable":true,"href":"https:\/\/diarioregionaldigital.com.br\/index.php?rest_route=%2Fwp%2Fv2%2Ftags&post=163583"}],"curies":[{"name":"wp","href":"https:\/\/api.w.org\/{rel}","templated":true}]}}