{"id":163577,"date":"2020-07-01T15:54:19","date_gmt":"2020-07-01T18:54:19","guid":{"rendered":"https:\/\/diarioregionaldigital.com.br\/?p=163577"},"modified":"2020-07-01T15:54:19","modified_gmt":"2020-07-01T18:54:19","slug":"como-forma-de-evitar-propagacao-do-coronavirus-equipes-da-f1-instalam-modulos-no-lugar-dos-motorhomes","status":"publish","type":"post","link":"https:\/\/diarioregionaldigital.com.br\/?p=163577","title":{"rendered":"Como forma de evitar propaga\u00e7\u00e3o do Coronav\u00edrus, equipes da F1 instalam m\u00f3dulos no lugar dos motorhomes"},"content":{"rendered":"<p><span style=\"font-weight: 400;\">\u00c0s v\u00e9speras do in\u00edcio da temporada 2020, as dez equipes da F1 lan\u00e7aram uma \u201cnovidade\u201d para as etapas do calend\u00e1rio, que \u00e9 instala\u00e7\u00e3o de m\u00f3dulos no lugar dos tradicionais motorhomes. Esta mudan\u00e7a faz parte do pacote de medidas de preven\u00e7\u00e3o ao Coronav\u00edrus, feito pelos dirigentes da categoria.\u00a0<\/span><\/p>\n<p><span style=\"font-weight: 400;\">Os motorhomes ser\u00e3o vetados ao longo da temporada por exigirem uma grande quantidade de pessoas para serem montados. Al\u00e9m disso, as estruturas modulares ocupam menos espa\u00e7o, aumentando a mobilidade pelo circuito de Red Bull Rind em Spielberg na \u00c1ustria, que far\u00e1 rodada dupla.<\/span><\/p>\n<p><span style=\"font-weight: 400;\">Nas primeiras imagens divulgadas nas redes sociais, mostram todos os funcion\u00e1rios das equipes andando de m\u00e1scara, medida essencial prevista no combate \u00e0 doen\u00e7a.<\/span><\/p>\n<p><span style=\"font-weight: 400;\">Outra novidade prevista para esta temporada, est\u00e1 relacionada aos caminh\u00f5es das equipes. Geralmente os ve\u00edculos ficam pr\u00f3ximos aos boxes, mas foi determinado que os mesmos ficassem distantes do aut\u00f3dromo, como forma de evitar aglomera\u00e7\u00f5es e consequentemente ampliar espa\u00e7o para locomo\u00e7\u00e3o de funcion\u00e1rios e visitantes.<\/span><\/p>\n<p><span style=\"font-weight: 400;\">Para o chefe de log\u00edstica da Mercedes, Karl Fanson, estas mudan\u00e7as foram feitas\u00a0 atrav\u00e9s de um acordo entre as equipes e os dirigentes da F1:<\/span><\/p>\n<p><span style=\"font-weight: 400;\">\u201cEssa n\u00e3o ter\u00e1 a mesma configura\u00e7\u00e3o de uma corrida europeia normal porque n\u00e3o teremos nenhum motorhome. Em acordo com a F1, decidimos que vamos mover os caminh\u00f5es de corrida para longe das garagens e forneceremos nossas pr\u00f3prias tendas e toldos. Isso vai nos conceder mais espa\u00e7o para trabalho na garagem. \u00c9 mais f\u00e1cil de manter o distanciamento social e trabalhar confortavelmente.\u201d\u00a0<\/span><\/p>\n<p><span style=\"font-weight: 400;\">A temporada 2020 da F1 inicia nesta sexta-feira (3) em Spielberg na \u00c1ustria, com as duas sess\u00f5es de treinos de sexta-feira \u00e0s 06h00 e \u00e0s 10h00, no hor\u00e1rio de Bras\u00edlia. No s\u00e1bado (4), o terceiro treino livre come\u00e7a \u00e0s 07h00 e o treino de classifica\u00e7\u00e3o ser\u00e1 \u00e0s 10h10. A corrida ser\u00e1 no domingo (5) \u00e0s 10h10 e contar\u00e1 com 71 voltas.<\/span><\/p>\n","protected":false},"excerpt":{"rendered":"<p>\u00c0s v\u00e9speras do in\u00edcio da temporada 2020, as dez equipes da F1 lan\u00e7aram uma \u201cnovidade\u201d para as etapas do calend\u00e1rio, que \u00e9 instala\u00e7\u00e3o de m\u00f3dulos no lugar dos tradicionais motorhomes. Esta mudan\u00e7a faz parte do pacote de medidas de preven\u00e7\u00e3o ao Coronav\u00edrus, feito pelos dirigentes da categoria.\u00a0 Os motorhomes ser\u00e3o vetados ao longo da temporada [&hellip;]<\/p>\n","protected":false},"author":96,"featured_media":163578,"comment_status":"closed","ping_status":"closed","sticky":false,"template":"","format":"standard","meta":{"footnotes":""},"categories":[436,257,439],"tags":[],"class_list":["post-163577","post","type-post","status-publish","format-standard","has-post-thumbnail","hentry","category-destaque-da-semana","category-esporte","category-ultima-hora"],"_links":{"self":[{"href":"https:\/\/diarioregionaldigital.com.br\/index.php?rest_route=\/wp\/v2\/posts\/163577","targetHints":{"allow":["GET"]}}],"collection":[{"href":"https:\/\/diarioregionaldigital.com.br\/index.php?rest_route=\/wp\/v2\/posts"}],"about":[{"href":"https:\/\/diarioregionaldigital.com.br\/index.php?rest_route=\/wp\/v2\/types\/post"}],"author":[{"embeddable":true,"href":"https:\/\/diarioregionaldigital.com.br\/index.php?rest_route=\/wp\/v2\/users\/96"}],"replies":[{"embeddable":true,"href":"https:\/\/diarioregionaldigital.com.br\/index.php?rest_route=%2Fwp%2Fv2%2Fcomments&post=163577"}],"version-history":[{"count":0,"href":"https:\/\/diarioregionaldigital.com.br\/index.php?rest_route=\/wp\/v2\/posts\/163577\/revisions"}],"wp:featuredmedia":[{"embeddable":true,"href":"https:\/\/diarioregionaldigital.com.br\/index.php?rest_route=\/wp\/v2\/media\/163578"}],"wp:attachment":[{"href":"https:\/\/diarioregionaldigital.com.br\/index.php?rest_route=%2Fwp%2Fv2%2Fmedia&parent=163577"}],"wp:term":[{"taxonomy":"category","embeddable":true,"href":"https:\/\/diarioregionaldigital.com.br\/index.php?rest_route=%2Fwp%2Fv2%2Fcategories&post=163577"},{"taxonomy":"post_tag","embeddable":true,"href":"https:\/\/diarioregionaldigital.com.br\/index.php?rest_route=%2Fwp%2Fv2%2Ftags&post=163577"}],"curies":[{"name":"wp","href":"https:\/\/api.w.org\/{rel}","templated":true}]}}