{"id":163574,"date":"2020-07-01T15:39:47","date_gmt":"2020-07-01T18:39:47","guid":{"rendered":"https:\/\/diarioregionaldigital.com.br\/?p=163574"},"modified":"2020-07-01T15:39:47","modified_gmt":"2020-07-01T18:39:47","slug":"secretaria-de-obras-realiza-melhorias-em-estradas-rurais-e-reforma-de-ponte","status":"publish","type":"post","link":"https:\/\/diarioregionaldigital.com.br\/?p=163574","title":{"rendered":"Secretaria de Obras realiza melhorias em estradas rurais e reforma de ponte"},"content":{"rendered":"<p>A Secretaria de Obras (SO) da Prefeitura de Juiz de Fora (PJF), atrav\u00e9s do setor de estradas vicinais, iniciou nesta ter\u00e7a-feira, 1\u00ba de julho, patrolamento, com aplica\u00e7\u00e3o de esc\u00f3ria, na Estrada do Estrela, pr\u00f3ximo ao posto de sa\u00fade da comunidade de Pirapetinga. O objetivo \u00e9 melhorar as condi\u00e7\u00f5es da via e trazer mais conforto e seguran\u00e7a no tr\u00e2nsito de ve\u00edculos e passagem de pedestres no local.<\/p>\n<p>Em junho, outras estradas passaram pelo mesmo tipo de manuten\u00e7\u00e3o. Entre elas, Boa Vista, Recreio e Tira Tema (Distrito de Sarandira) e as principais das comunidades de Pirapetinga e Palmital. Al\u00e9m disso, a SO concluiu a reforma da ponte de madeira na estrada Tira Tema, em Sarandira.<\/p>\n<p><strong>Fonte:\u00a0<\/strong>Assessoria<\/p>\n","protected":false},"excerpt":{"rendered":"<p>A Secretaria de Obras (SO) da Prefeitura de Juiz de Fora (PJF), atrav\u00e9s do setor de estradas vicinais, iniciou nesta ter\u00e7a-feira, 1\u00ba de julho, patrolamento, com aplica\u00e7\u00e3o de esc\u00f3ria, na Estrada do Estrela, pr\u00f3ximo ao posto de sa\u00fade da comunidade de Pirapetinga. O objetivo \u00e9 melhorar as condi\u00e7\u00f5es da via e trazer mais conforto e [&hellip;]<\/p>\n","protected":false},"author":96,"featured_media":163575,"comment_status":"closed","ping_status":"closed","sticky":false,"template":"","format":"standard","meta":{"footnotes":""},"categories":[253,436,439],"tags":[],"class_list":["post-163574","post","type-post","status-publish","format-standard","has-post-thumbnail","hentry","category-cidade","category-destaque-da-semana","category-ultima-hora"],"_links":{"self":[{"href":"https:\/\/diarioregionaldigital.com.br\/index.php?rest_route=\/wp\/v2\/posts\/163574","targetHints":{"allow":["GET"]}}],"collection":[{"href":"https:\/\/diarioregionaldigital.com.br\/index.php?rest_route=\/wp\/v2\/posts"}],"about":[{"href":"https:\/\/diarioregionaldigital.com.br\/index.php?rest_route=\/wp\/v2\/types\/post"}],"author":[{"embeddable":true,"href":"https:\/\/diarioregionaldigital.com.br\/index.php?rest_route=\/wp\/v2\/users\/96"}],"replies":[{"embeddable":true,"href":"https:\/\/diarioregionaldigital.com.br\/index.php?rest_route=%2Fwp%2Fv2%2Fcomments&post=163574"}],"version-history":[{"count":0,"href":"https:\/\/diarioregionaldigital.com.br\/index.php?rest_route=\/wp\/v2\/posts\/163574\/revisions"}],"wp:featuredmedia":[{"embeddable":true,"href":"https:\/\/diarioregionaldigital.com.br\/index.php?rest_route=\/wp\/v2\/media\/163575"}],"wp:attachment":[{"href":"https:\/\/diarioregionaldigital.com.br\/index.php?rest_route=%2Fwp%2Fv2%2Fmedia&parent=163574"}],"wp:term":[{"taxonomy":"category","embeddable":true,"href":"https:\/\/diarioregionaldigital.com.br\/index.php?rest_route=%2Fwp%2Fv2%2Fcategories&post=163574"},{"taxonomy":"post_tag","embeddable":true,"href":"https:\/\/diarioregionaldigital.com.br\/index.php?rest_route=%2Fwp%2Fv2%2Ftags&post=163574"}],"curies":[{"name":"wp","href":"https:\/\/api.w.org\/{rel}","templated":true}]}}