{"id":163571,"date":"2020-07-01T15:37:38","date_gmt":"2020-07-01T18:37:38","guid":{"rendered":"https:\/\/diarioregionaldigital.com.br\/?p=163571"},"modified":"2020-07-01T15:37:38","modified_gmt":"2020-07-01T18:37:38","slug":"rua-marechal-deodoro-recebe-acao-de-enfrentamento-ao-coronavirus","status":"publish","type":"post","link":"https:\/\/diarioregionaldigital.com.br\/?p=163571","title":{"rendered":"Rua Marechal Deodoro recebe a\u00e7\u00e3o de enfrentamento ao coronav\u00edrus"},"content":{"rendered":"<p>A Rua Marechal Deodoro recebeu nesta quarta-feira, 1\u00ba de julho, a opera\u00e7\u00e3o de enfrentamento ao coronav\u00edrus, realizada por \u00f3rg\u00e3os da Prefeitura de Juiz de Fora (PJF) e Corpo de Bombeiros. Barreiras sanfonadas foram montadas nas entradas da Avenida Bar\u00e3o do Rio Branco e Rua Batista de Oliveira, para orienta\u00e7\u00e3o a pedestres e verifica\u00e7\u00e3o do uso obrigat\u00f3rio de m\u00e1scaras, n\u00e3o tendo sido impedida a movimenta\u00e7\u00e3o na via. O trabalho \u00e9 parte integrante das estrat\u00e9gias do comboio \u201cDa Vida, Pela Vida\u201d, que desde 18 de maio vem fazendo abordagem preventiva e de fiscaliza\u00e7\u00e3o em v\u00e1rios pontos da cidade, com vistas ao controle da expans\u00e3o da doen\u00e7a no Munic\u00edpio. A mobiliza\u00e7\u00e3o, na \u00e1rea central, busca alertar a popula\u00e7\u00e3o para o risco de circular na regi\u00e3o, onde se registram mais casos positivos na cidade.<\/p>\n<p>Para refor\u00e7ar os cuidados, todo o seguimento do logradouro, entre as barreiras, foi descontaminado. A equipe do Departamento Municipal de Limpeza Urbana (Demlurb) aplicou 176 litros de solu\u00e7\u00e3o de hipoclorito de s\u00f3dio com \u00e1gua, sobre equipamentos p\u00fablicos, meios-fios, orelh\u00f5es e portas de lojas. A higieniza\u00e7\u00e3o ocorreu tamb\u00e9m nas galerias que d\u00e3o acesso \u00e0 rua, incluindo a do Pronto Atendimento Medido (PAM) Marechal.<\/p>\n<p>Durante a opera\u00e7\u00e3o, a Secretaria de Meio Ambiente e Ordenamento Urbano (Semaur) notificou lanchonetes e padarias que permitiam a perman\u00eancia de clientes em mesas dentro do estabelecimento. De acordo com o Decreto n\u00ba 13.991, de 26 de junho de 2020, nas lanchonetes e padarias est\u00e1 proibida a modalidade de consumo no local, com utiliza\u00e7\u00e3o de mesas e cadeiras. O consumo, ali, fica restrito ao balc\u00e3o. A medida busca diminuir a perman\u00eancia de pessoas nestes ambientes por maior tempo.<\/p>\n<p>Cerca de 50 servidores estiveram empenhados na a\u00e7\u00e3o, em cada turno. Guardas municipais, agentes de transporte e tr\u00e2nsito e de endemias, fiscais de posturas, abordadores sociais, servidores da Ag\u00eancia de Prote\u00e7\u00e3o e Defesa do Consumidor (Procon), da Defesa Civil, do Demlurb e militares do Corpo de Bombeiros integram a frente de a\u00e7\u00e3o do comboio.<\/p>\n<p><strong>Fonte:<\/strong> Assessoria<\/p>\n","protected":false},"excerpt":{"rendered":"<p>A Rua Marechal Deodoro recebeu nesta quarta-feira, 1\u00ba de julho, a opera\u00e7\u00e3o de enfrentamento ao coronav\u00edrus, realizada por \u00f3rg\u00e3os da Prefeitura de Juiz de Fora (PJF) e Corpo de Bombeiros. Barreiras sanfonadas foram montadas nas entradas da Avenida Bar\u00e3o do Rio Branco e Rua Batista de Oliveira, para orienta\u00e7\u00e3o a pedestres e verifica\u00e7\u00e3o do uso [&hellip;]<\/p>\n","protected":false},"author":96,"featured_media":163572,"comment_status":"closed","ping_status":"closed","sticky":false,"template":"","format":"standard","meta":{"footnotes":""},"categories":[253,436,439],"tags":[],"class_list":["post-163571","post","type-post","status-publish","format-standard","has-post-thumbnail","hentry","category-cidade","category-destaque-da-semana","category-ultima-hora"],"_links":{"self":[{"href":"https:\/\/diarioregionaldigital.com.br\/index.php?rest_route=\/wp\/v2\/posts\/163571","targetHints":{"allow":["GET"]}}],"collection":[{"href":"https:\/\/diarioregionaldigital.com.br\/index.php?rest_route=\/wp\/v2\/posts"}],"about":[{"href":"https:\/\/diarioregionaldigital.com.br\/index.php?rest_route=\/wp\/v2\/types\/post"}],"author":[{"embeddable":true,"href":"https:\/\/diarioregionaldigital.com.br\/index.php?rest_route=\/wp\/v2\/users\/96"}],"replies":[{"embeddable":true,"href":"https:\/\/diarioregionaldigital.com.br\/index.php?rest_route=%2Fwp%2Fv2%2Fcomments&post=163571"}],"version-history":[{"count":0,"href":"https:\/\/diarioregionaldigital.com.br\/index.php?rest_route=\/wp\/v2\/posts\/163571\/revisions"}],"wp:featuredmedia":[{"embeddable":true,"href":"https:\/\/diarioregionaldigital.com.br\/index.php?rest_route=\/wp\/v2\/media\/163572"}],"wp:attachment":[{"href":"https:\/\/diarioregionaldigital.com.br\/index.php?rest_route=%2Fwp%2Fv2%2Fmedia&parent=163571"}],"wp:term":[{"taxonomy":"category","embeddable":true,"href":"https:\/\/diarioregionaldigital.com.br\/index.php?rest_route=%2Fwp%2Fv2%2Fcategories&post=163571"},{"taxonomy":"post_tag","embeddable":true,"href":"https:\/\/diarioregionaldigital.com.br\/index.php?rest_route=%2Fwp%2Fv2%2Ftags&post=163571"}],"curies":[{"name":"wp","href":"https:\/\/api.w.org\/{rel}","templated":true}]}}