{"id":163568,"date":"2020-07-01T15:27:43","date_gmt":"2020-07-01T18:27:43","guid":{"rendered":"https:\/\/diarioregionaldigital.com.br\/?p=163568"},"modified":"2020-07-01T15:27:43","modified_gmt":"2020-07-01T18:27:43","slug":"celebracoes-religiosas-com-presenca-de-fieis-sao-suspensas-pelo-comite-de-prevencao-a-covid-19","status":"publish","type":"post","link":"https:\/\/diarioregionaldigital.com.br\/?p=163568","title":{"rendered":"Celebra\u00e7\u00f5es religiosas com presen\u00e7a de fi\u00e9is s\u00e3o suspensas pelo Comit\u00ea de Preven\u00e7\u00e3o \u00e0 Covid-19"},"content":{"rendered":"<p><span style=\"font-weight: 400;\">Devido ao aumento cont\u00ednuo dos casos confirmados de Covid-19 em Juiz de Fora e nos munic\u00edpios da macrorregi\u00e3o, o Comit\u00ea Municipal de Enfrentamento e Preven\u00e7\u00e3o \u00e0 Covid-19 decidiu manter a decis\u00e3o de que templos e igrejas continuar\u00e3o impedidos de realizar missas e cultos presenciais com 30 pessoas, podendo utilizar apenas a via virtual. Dentro de 14 dias, haver\u00e1 uma nova avalia\u00e7\u00e3o sobre o assunto. A decis\u00e3o foi tomada na noite de ter\u00e7a-feira (30), durante videoconfer\u00eancia do comit\u00ea, que contou com as participa\u00e7\u00f5es do presidente do Conselho dos Pastores de Juiz de Fora (Conpas), pastor Charles Mar\u00e7al, do Arcebispo Metropolitano de Juiz de Fora, Dom Gil Ant\u00f4nio Moreira, al\u00e9m do presidente da Assembleia de Deus, pastor Mois\u00e9s Pereira.<\/span><\/p>\n<p><span style=\"font-weight: 400;\">Os representantes foram convidados para a videoconfer\u00eancia com o objetivo de expor os pontos de vista sobre o tema. Dom Gil foi o primeiro a apresentar os argumentos. Segundo o arcebispo, a igreja cat\u00f3lica est\u00e1 tendo o m\u00e1ximo de cuidado em atender as autoridades p\u00fablicas para n\u00e3o colocar os fi\u00e9is em risco. \u201cTemos todo interesse em colaborar. Respeitando as normas sanit\u00e1rias, achamos que 30 pessoas nas celebra\u00e7\u00f5es n\u00e3o traria nenhum risco de contamina\u00e7\u00e3o, Para participar das celebra\u00e7\u00f5es, as pessoas interessadas tinham que fazer inscri\u00e7\u00e3o pr\u00e9via por telefone, quando eles recebiam um n\u00famero, que \u00e9 a refer\u00eancia do banco onde ele deve se assentar, respeitando o distanciamento social\u201d, explicou Dom Gil. Na vis\u00e3o do arcebispo, a defini\u00e7\u00e3o do n\u00famero de fi\u00e9is nas celebra\u00e7\u00f5es religiosas deveria se basear no tamanho de cada igreja.<\/span><\/p>\n<p><span style=\"font-weight: 400;\">O presidente da Assembleia de Deus afirmou que enxerga as igrejas como \u201cum pronto socorro espiritual\u201d e se disse preocupado com dados como aumento de conflitos familiares por causa do confinamento domiciliar dos \u00faltimos meses.<\/span><\/p>\n<p><span style=\"font-weight: 400;\">Para o presidente do Conpas, o l\u00edder religioso est\u00e1 junto com a comunidade e pode se tornar um bra\u00e7o da administra\u00e7\u00e3o municipal. \u201cTamb\u00e9m somos educadores porque o l\u00edder espiritual vai al\u00e9m do altar. Percebo o aumento do alcoolismo, tabagismo, tentativas de suic\u00eddio e at\u00e9 sobrepeso das crian\u00e7as que est\u00e3o ociosas e expostas em excesso \u00e0s redes sociais\u201d, enfatizou pastor Charles.<\/span><\/p>\n<p><b>Taxa de incid\u00eancia e falta de sedativos<\/b><\/p>\n<p><span style=\"font-weight: 400;\">Em defesa da n\u00e3o realiza\u00e7\u00e3o de cultos presenciais, o coordenador regional das Promotorias de Justi\u00e7a de Defesa da Sa\u00fade da Macrorregi\u00e3o Sanit\u00e1ria Sudeste, Rodrigo Barros, apresentou dados de incid\u00eancia da Covid-19 na macrorregi\u00e3o de Juiz de Fora. Segundo o Comit\u00ea Extraordin\u00e1rio do Estado, entre os dias 14 e 21 de junho, a taxa de incid\u00eancia do coronav\u00edrus na regi\u00e3o era de 27,1 para cada cem mil habitantes. Na semana seguinte, esta taxa passou para 48,9.<\/span><\/p>\n<p><span style=\"font-weight: 400;\">O promotor tamb\u00e9m apresentou outro problema que j\u00e1 atinge quase todas as cidades do Brasil: dificuldade de compra de medicamentos para seda\u00e7\u00e3o de pacientes com Covid-19. V\u00e1rias entidades da \u00e1rea da sa\u00fade relatam a redu\u00e7\u00e3o de estoques e, consequentemente, a falta de sedativos e relaxantes musculares nos hospitais p\u00fablicos e privados durante a pandemia da Covid-19, tendo em vista o alto consumo e a dificuldade de aquisi\u00e7\u00e3o desses com fornecedores. \u201cEstamos numa situa\u00e7\u00e3o de guerra\u201d, afirmou Rodrigo Barros.<\/span><\/p>\n<p><b>Restaurantes poder\u00e3o funcionar aos s\u00e1bados<\/b><\/p>\n<p><span style=\"font-weight: 400;\">A \u00fanica mudan\u00e7a aprovada durante a reuni\u00e3o do Comit\u00ea foi a volta do funcionamento dos restaurantes aos s\u00e1bados, das 11h \u00e0s 15h. No \u00faltimo s\u00e1bado, 27, a Prefeitura de Juiz de Fora (PJF) publicou um decreto com novas restri\u00e7\u00f5es para os locais. Os estabelecimentos deveriam funcionar de segunda a sexta-feira, das 11h \u00e0s 15h, e n\u00e3o poderiam abrir durante o fim de semana. Contudo, ap\u00f3s esta nova reuni\u00e3o, os locais est\u00e3o autorizados a operar de segunda a s\u00e1bado. J\u00e1 aos domingos e feriados, os restaurantes poder\u00e3o funcionar somente por delivery ou entrega no balc\u00e3o.<\/span><\/p>\n<p><span style=\"font-weight: 400;\">A mudan\u00e7a foi apresentada pelo presidente da C\u00e2mara de Dirigentes Lojistas (CDL\/JF), Marcos Casarin. A argumenta\u00e7\u00e3o \u00e9 de que profissionais que trabalham aos s\u00e1bados estavam com dificuldades para realizarem suas refei\u00e7\u00f5es.<\/span><\/p>\n<p><b>Juiz de Fora tem quase mil curados de Covid-19<\/b><\/p>\n<p><span style=\"font-weight: 400;\">Durante a reuni\u00e3o do Comit\u00ea, o prefeito Ant\u00f4nio Almas informou que 979 pessoas em Juiz de Fora j\u00e1 s\u00e3o consideradas curadas, segundo dados revelados pelo Departamento de Vigil\u00e2ncia Epidemiol\u00f3gica e Ambiental (Dvea) da Secretaria Municipal de Sa\u00fade.<\/span><\/p>\n<p><strong>Fonte:<\/strong> Assessoria<\/p>\n","protected":false},"excerpt":{"rendered":"<p>Devido ao aumento cont\u00ednuo dos casos confirmados de Covid-19 em Juiz de Fora e nos munic\u00edpios da macrorregi\u00e3o, o Comit\u00ea Municipal de Enfrentamento e Preven\u00e7\u00e3o \u00e0 Covid-19 decidiu manter a decis\u00e3o de que templos e igrejas continuar\u00e3o impedidos de realizar missas e cultos presenciais com 30 pessoas, podendo utilizar apenas a via virtual. Dentro de [&hellip;]<\/p>\n","protected":false},"author":96,"featured_media":163569,"comment_status":"closed","ping_status":"closed","sticky":false,"template":"","format":"standard","meta":{"footnotes":""},"categories":[436,440,254,439],"tags":[],"class_list":["post-163568","post","type-post","status-publish","format-standard","has-post-thumbnail","hentry","category-destaque-da-semana","category-destaques-do-dia","category-politica","category-ultima-hora"],"_links":{"self":[{"href":"https:\/\/diarioregionaldigital.com.br\/index.php?rest_route=\/wp\/v2\/posts\/163568","targetHints":{"allow":["GET"]}}],"collection":[{"href":"https:\/\/diarioregionaldigital.com.br\/index.php?rest_route=\/wp\/v2\/posts"}],"about":[{"href":"https:\/\/diarioregionaldigital.com.br\/index.php?rest_route=\/wp\/v2\/types\/post"}],"author":[{"embeddable":true,"href":"https:\/\/diarioregionaldigital.com.br\/index.php?rest_route=\/wp\/v2\/users\/96"}],"replies":[{"embeddable":true,"href":"https:\/\/diarioregionaldigital.com.br\/index.php?rest_route=%2Fwp%2Fv2%2Fcomments&post=163568"}],"version-history":[{"count":0,"href":"https:\/\/diarioregionaldigital.com.br\/index.php?rest_route=\/wp\/v2\/posts\/163568\/revisions"}],"wp:featuredmedia":[{"embeddable":true,"href":"https:\/\/diarioregionaldigital.com.br\/index.php?rest_route=\/wp\/v2\/media\/163569"}],"wp:attachment":[{"href":"https:\/\/diarioregionaldigital.com.br\/index.php?rest_route=%2Fwp%2Fv2%2Fmedia&parent=163568"}],"wp:term":[{"taxonomy":"category","embeddable":true,"href":"https:\/\/diarioregionaldigital.com.br\/index.php?rest_route=%2Fwp%2Fv2%2Fcategories&post=163568"},{"taxonomy":"post_tag","embeddable":true,"href":"https:\/\/diarioregionaldigital.com.br\/index.php?rest_route=%2Fwp%2Fv2%2Ftags&post=163568"}],"curies":[{"name":"wp","href":"https:\/\/api.w.org\/{rel}","templated":true}]}}