{"id":163565,"date":"2020-07-01T15:20:28","date_gmt":"2020-07-01T18:20:28","guid":{"rendered":"https:\/\/diarioregionaldigital.com.br\/?p=163565"},"modified":"2020-07-01T15:20:28","modified_gmt":"2020-07-01T18:20:28","slug":"campeoes-mundiais-em-1958-e-1962-sao-nomeados-embaixadores-da-selecao-brasileira","status":"publish","type":"post","link":"https:\/\/diarioregionaldigital.com.br\/?p=163565","title":{"rendered":"Campe\u00f5es mundiais em 1958 e 1962 s\u00e3o nomeados embaixadores da Sele\u00e7\u00e3o Brasileira"},"content":{"rendered":"<p><span style=\"font-weight: 400;\">A Confedera\u00e7\u00e3o Brasileira de Futebol (CBF), anunciou que os jogadores campe\u00f5es mundiais em 1958 na Su\u00e9cia e em 1962 no Chile, foram nomeados como embaixadores da Sele\u00e7\u00e3o Brasileira. <\/span><span style=\"font-weight: 400;\">Os craques receber\u00e3o, em casa, uma r\u00e9plica em miniatura da Ta\u00e7a Jules Rimet e um t\u00edtulo que, entre outros benef\u00edcios, d\u00e1 a op\u00e7\u00e3o de assinarem um contrato, com remunera\u00e7\u00e3o fixa e mensal, para representarem a CBF em eventos sociais, educacionais, institucionais ou em visita\u00e7\u00f5es ao Museu Sele\u00e7\u00e3o Brasileira.\u00a0\u00a0<\/span><\/p>\n<p><span style=\"font-weight: 400;\">A entidade m\u00e1xima do futebol brasileiro entende que as grandes conquistas da sele\u00e7\u00e3o devem ser sempre relembradas. No lado do time que levantou o caneco em 58, os nomeados para a embaixada s\u00e3o Dino Sani, Moacir, Mazzola, Pepe, Pel\u00e9 e Zagallo, estes remanescentes do primeiro t\u00edtulo do Brasil em Copas do Mundo. J\u00e1 no time de 62 os nomeados s\u00e3o Jurandir, Meng\u00e1lvio, Jair da Costa e Amarildo, al\u00e9m de Pel\u00e9 e Zagallo.<\/span><\/p>\n<p><span style=\"font-weight: 400;\">Diante disso, os jogadores campe\u00f5es dessas edi\u00e7\u00f5es de Copa do Mundo, se juntam aos remanescentes do tricampeonato de 1970, como embaixadores da Sele\u00e7\u00e3o Brasileira. Para o presidente Rog\u00e9rio Caboclo, as nomea\u00e7\u00f5es fazem com que os atletas fiquem cada vez mais pr\u00f3ximos \u00e0 CBF:<\/span><\/p>\n<p><span style=\"font-weight: 400;\">&#8220;O tricampeonato conquistado em 70 \u00e9 uma jornada brilhante, da qual fazem parte tr\u00eas times de her\u00f3is: as sele\u00e7\u00f5es de 58, 62 e 70. Por isso, as iniciativas e homenagens da CBF, na comemora\u00e7\u00e3o dos 50 anos da conquista no M\u00e9xico, se estendem tamb\u00e9m aos craques de 58 e 62. Queremos os \u00eddolos cada vez mais pr\u00f3ximos da CBF. A experi\u00eancia deles \u00e9 uma contribui\u00e7\u00e3o muito importante para a nossa miss\u00e3o de promover o desenvolvimento cont\u00ednuo do futebol brasileiro&#8221;,\u00a0<\/span><\/p>\n<p><b>Benef\u00edcios na nomea\u00e7\u00e3o de embaixador<\/b><\/p>\n<p><span style=\"font-weight: 400;\">Os jogadores que recebem tal honraria da CBF, recebem um \u201cpassaporte personalizado\u201d e tamb\u00e9m presen\u00e7a de um acompanhante para os jogos das competi\u00e7\u00f5es organizadas pela entidade.\u00a0<\/span><\/p>\n<p><span style=\"font-weight: 400;\">Tamb\u00e9m disponibiliza passagem e hospedagem sempre que o craque e seu acompanhante quiserem fazer uma visita \u00e0 sede da CBF. Al\u00e9m disso, todos os campe\u00f5es do mundo com a camisa da Sele\u00e7\u00e3o Brasileira contam com um plano de sa\u00fade de categoria superior pago pela CBF. <\/span><\/p>\n","protected":false},"excerpt":{"rendered":"<p>A Confedera\u00e7\u00e3o Brasileira de Futebol (CBF), anunciou que os jogadores campe\u00f5es mundiais em 1958 na Su\u00e9cia e em 1962 no Chile, foram nomeados como embaixadores da Sele\u00e7\u00e3o Brasileira. Os craques receber\u00e3o, em casa, uma r\u00e9plica em miniatura da Ta\u00e7a Jules Rimet e um t\u00edtulo que, entre outros benef\u00edcios, d\u00e1 a op\u00e7\u00e3o de assinarem um contrato, [&hellip;]<\/p>\n","protected":false},"author":96,"featured_media":163566,"comment_status":"closed","ping_status":"closed","sticky":false,"template":"","format":"standard","meta":{"footnotes":""},"categories":[436,257,439],"tags":[],"class_list":["post-163565","post","type-post","status-publish","format-standard","has-post-thumbnail","hentry","category-destaque-da-semana","category-esporte","category-ultima-hora"],"_links":{"self":[{"href":"https:\/\/diarioregionaldigital.com.br\/index.php?rest_route=\/wp\/v2\/posts\/163565","targetHints":{"allow":["GET"]}}],"collection":[{"href":"https:\/\/diarioregionaldigital.com.br\/index.php?rest_route=\/wp\/v2\/posts"}],"about":[{"href":"https:\/\/diarioregionaldigital.com.br\/index.php?rest_route=\/wp\/v2\/types\/post"}],"author":[{"embeddable":true,"href":"https:\/\/diarioregionaldigital.com.br\/index.php?rest_route=\/wp\/v2\/users\/96"}],"replies":[{"embeddable":true,"href":"https:\/\/diarioregionaldigital.com.br\/index.php?rest_route=%2Fwp%2Fv2%2Fcomments&post=163565"}],"version-history":[{"count":0,"href":"https:\/\/diarioregionaldigital.com.br\/index.php?rest_route=\/wp\/v2\/posts\/163565\/revisions"}],"wp:featuredmedia":[{"embeddable":true,"href":"https:\/\/diarioregionaldigital.com.br\/index.php?rest_route=\/wp\/v2\/media\/163566"}],"wp:attachment":[{"href":"https:\/\/diarioregionaldigital.com.br\/index.php?rest_route=%2Fwp%2Fv2%2Fmedia&parent=163565"}],"wp:term":[{"taxonomy":"category","embeddable":true,"href":"https:\/\/diarioregionaldigital.com.br\/index.php?rest_route=%2Fwp%2Fv2%2Fcategories&post=163565"},{"taxonomy":"post_tag","embeddable":true,"href":"https:\/\/diarioregionaldigital.com.br\/index.php?rest_route=%2Fwp%2Fv2%2Ftags&post=163565"}],"curies":[{"name":"wp","href":"https:\/\/api.w.org\/{rel}","templated":true}]}}