{"id":163562,"date":"2020-07-01T14:44:21","date_gmt":"2020-07-01T17:44:21","guid":{"rendered":"https:\/\/diarioregionaldigital.com.br\/?p=163562"},"modified":"2020-07-01T14:44:21","modified_gmt":"2020-07-01T17:44:21","slug":"federacao-internacional-de-tenis-de-mesa-confirma-a-classificacao-de-cinco-atletas-para-os-jogos-paralimpicos","status":"publish","type":"post","link":"https:\/\/diarioregionaldigital.com.br\/?p=163562","title":{"rendered":"Federa\u00e7\u00e3o Internacional de T\u00eanis de Mesa confirma a classifica\u00e7\u00e3o de cinco atletas para os Jogos Paral\u00edmpicos"},"content":{"rendered":"<p><span style=\"font-weight: 400;\">A Federa\u00e7\u00e3o Internacional de T\u00eanis de Mesa (ITTF) divulgou, nessa ter\u00e7a-feira (30), a lista de classificados para os Jogos Paral\u00edmpicos de 2021, em T\u00f3quio. A lista confirma os crit\u00e9rios divulgados no in\u00edcio do m\u00eas, no Manual de Classifica\u00e7\u00e3o, determinando que os melhores de cada continente no ranking mundial de abril ter\u00e3o vaga direta garantida, desde que n\u00e3o tenha sido realizado o torneio continental individual de suas classes (Parapan), e que os atletas que est\u00e3o entre os primeiros em determinadas classes carimbaram os passaportes pelo ranking mundial.<\/span><\/p>\n<p><span style=\"font-weight: 400;\">Com isso, est\u00e3o confirmadas as vagas de Bruna Alexandre (F10), C\u00e1tia Oliveira (F2) e Leth\u00edcia Lacerda (F8), entre as melhores das Am\u00e9ricas em suas classes, e Israel Stroh (sexto do mundo na classe M7) e Welder Knaf (nono da classe M3), pelo ranking mundial.<\/span><\/p>\n<p><span style=\"font-weight: 400;\">O t\u00eanis de mesa j\u00e1 tem, portanto, dez classificados para T\u00f3quio. Os outros cinco brasileiros j\u00e1 estavam garantidos ao conquistarem o ouro individual no Parapan de Lima: Joyce Oliveira (F4), Danielle Rauen (F9), Paulo Salmin (M7), Luiz Manara (M8) e Carlos Carbinatti (M10).<\/span><\/p>\n<p><span style=\"font-weight: 400;\">Esse n\u00famero pode quase dobrar, pois outros mesatenistas do pa\u00eds ainda buscam vagas pela Seletiva, que ainda n\u00e3o foi remarcada pela ITTF, devendo ocorrer somente no ano que vem. Ainda h\u00e1 tamb\u00e9m a possibilidade de classifica\u00e7\u00f5es pelo ranking mundial, em raz\u00f5es de desist\u00eancias.<\/span><\/p>\n<p><b>Comemora\u00e7\u00e3o desde o in\u00edcio de junho<\/b><\/p>\n<p><span style=\"font-weight: 400;\">Ap\u00f3s a divulga\u00e7\u00e3o dos crit\u00e9rios de classifica\u00e7\u00e3o, no in\u00edcio do m\u00eas, Leth\u00edcia Lacerda, que disputar\u00e1 sua primeira Paralimp\u00edada, aos 17 anos, se mostrava emocionada com a confirma\u00e7\u00e3o da vaga. <\/span><span style=\"font-weight: 400;\">Filha da ex-mesatenista Jane Karla (que deve disputar os Jogos pelo tiro com arco)<\/span><span style=\"font-weight: 400;\">, ela mostrava imensa felicidade ao falar da classifica\u00e7\u00e3o.<\/span><\/p>\n<p><span style=\"font-weight: 400;\">&#8220;Para falar a verdade, ainda n\u00e3o caiu a ficha! \u00c9 muito incr\u00edvel, desde o dia em que comecei no esporte paral\u00edmpico o meu sonho foi participar de uma Paral\u00edmpiada, e agora que isso est\u00e1 oficialmente acontecendo t\u00e3o cedo, me d\u00e1 uma felicidade tremenda! Eu literalmente estou realizando um sonho, agora vou sonhar mais alto e o pr\u00f3ximo passo \u00e9 ter uma medalha paral\u00edmpica. Nunca imaginei conseguir ir t\u00e3o longe em t\u00e3o pouco tempo, meu peito est\u00e1 realmente cheio de orgulho de mim mesma e com muita determina\u00e7\u00e3o. O melhor de tudo \u00e9 que vou poder estar l\u00e1 ao lado da minha m\u00e3e, com certeza vai ser muito surreal essa experi\u00eancia. A ansiedade est\u00e1 forte&#8221;, revela.<\/span><\/p>\n<p><span style=\"font-weight: 400;\">Mesmo entre os mais experientes, a classifica\u00e7\u00e3o para T\u00f3quio mexe com a emo\u00e7\u00e3o. Israel Stroh, medalhista na Rio 2016, era outro muito feliz com a vaga: &#8220;\u00c9 engra\u00e7ado, porque mesmo sendo algo praticamente confirmado e com riscos irrelevantes, a confirma\u00e7\u00e3o fez o cora\u00e7\u00e3o bater mais forte. Confesso que isso me fez muito bem pelo tempo em que passamos. Andava sem disposi\u00e7\u00e3o nenhuma para as atividades f\u00edsicas de casa e essa not\u00edcia me deu uma animada forte. Com certeza vai fazer eu me reapresentar melhor&#8221;.<\/span><\/p>\n<p><span style=\"font-weight: 400;\">Veja o panorama dos brasileiros no ranking mundial paral\u00edmpico de abril, o \u00faltimo antes do congelamento em raz\u00e3o da pandemia do novo coronav\u00edrus:<\/span><\/p>\n<p><b>Atletas no Top 10<\/b><span style=\"font-weight: 400;\"> (sete brasileiros) \u2013 C\u00e1tia Oliveira (4\u00aa classe 2 feminino), Joyce Oliveira (9\u00aa classe 4 feminino), Danielle Rauen (8\u00aa classe 9 feminino), Jennyfer Parinos (10\u00aa classe 9 feminino), Bruna Alexandre (4\u00aa classe 10 feminino), Welder Knaf (9\u00b0 classe 3 masculino) e Israel Stroh (6\u00b0 classe 7 masculino).<\/span><\/p>\n<p><b>Atletas entre os 25 melhores de suas classes<\/b><span style=\"font-weight: 400;\"> (13 brasileiros) \u2013 Carla Maia (12\u00aa classe 2 feminino), Thais Severo (20\u00aa classe 3 feminino), Marliane Santos (23\u00aa classe 3 feminino), Millena Fran\u00e7a (12\u00aa classe 7 feminino), Aline Ferreira (16\u00aa classe 7 feminino), Lethicia Lacerda (20\u00aa classe 8 feminino), Elem da Silva (22\u00aa classe 8 feminino), Aloisio Lima (16\u00b0 classe 1 masculino), Conrado Contessi (23\u00b0 classe 1 masculino), Guilherme Costa (15\u00b0 classe 2 masculino), Iranildo Espindola (23\u00b0 classe 2 masculino), Paulo Salmin (11\u00b0 classe 7 masculino), Claudio Massad (22\u00b0 classe 10 masculino).<\/span><\/p>\n<p><b>Posi\u00e7\u00f5es dos atletas classificados para os Jogos Paral\u00edmpicos &#8211;<\/b><span style=\"font-weight: 400;\"> C\u00e1tia Oliveira (4\u00aa classe 2 feminino), Joyce Oliveira (8\u00aa classe 4 feminino), Danielle Rauen (8\u00aa classe 9 feminino), Bruna Alexandre (4\u00aa classe 10 feminino), Welder Knaf (9\u00b0 classe 3 masculino), Israel Stroh (6\u00b0 classe 7 masculino), Paulo Salmin (10\u00b0 classe 7 masculino), Luiz Manara (35\u00b0 classe 8 masculino) e Carlos Carbinatti (26\u00b0 classe 10 masculino).<\/span><\/p>\n<p><strong>Fonte:\u00a0<\/strong>Assessoria<\/p>\n","protected":false},"excerpt":{"rendered":"<p>A Federa\u00e7\u00e3o Internacional de T\u00eanis de Mesa (ITTF) divulgou, nessa ter\u00e7a-feira (30), a lista de classificados para os Jogos Paral\u00edmpicos de 2021, em T\u00f3quio. A lista confirma os crit\u00e9rios divulgados no in\u00edcio do m\u00eas, no Manual de Classifica\u00e7\u00e3o, determinando que os melhores de cada continente no ranking mundial de abril ter\u00e3o vaga direta garantida, desde [&hellip;]<\/p>\n","protected":false},"author":96,"featured_media":163563,"comment_status":"closed","ping_status":"closed","sticky":false,"template":"","format":"standard","meta":{"footnotes":""},"categories":[436,257,439],"tags":[],"class_list":["post-163562","post","type-post","status-publish","format-standard","has-post-thumbnail","hentry","category-destaque-da-semana","category-esporte","category-ultima-hora"],"_links":{"self":[{"href":"https:\/\/diarioregionaldigital.com.br\/index.php?rest_route=\/wp\/v2\/posts\/163562","targetHints":{"allow":["GET"]}}],"collection":[{"href":"https:\/\/diarioregionaldigital.com.br\/index.php?rest_route=\/wp\/v2\/posts"}],"about":[{"href":"https:\/\/diarioregionaldigital.com.br\/index.php?rest_route=\/wp\/v2\/types\/post"}],"author":[{"embeddable":true,"href":"https:\/\/diarioregionaldigital.com.br\/index.php?rest_route=\/wp\/v2\/users\/96"}],"replies":[{"embeddable":true,"href":"https:\/\/diarioregionaldigital.com.br\/index.php?rest_route=%2Fwp%2Fv2%2Fcomments&post=163562"}],"version-history":[{"count":0,"href":"https:\/\/diarioregionaldigital.com.br\/index.php?rest_route=\/wp\/v2\/posts\/163562\/revisions"}],"wp:featuredmedia":[{"embeddable":true,"href":"https:\/\/diarioregionaldigital.com.br\/index.php?rest_route=\/wp\/v2\/media\/163563"}],"wp:attachment":[{"href":"https:\/\/diarioregionaldigital.com.br\/index.php?rest_route=%2Fwp%2Fv2%2Fmedia&parent=163562"}],"wp:term":[{"taxonomy":"category","embeddable":true,"href":"https:\/\/diarioregionaldigital.com.br\/index.php?rest_route=%2Fwp%2Fv2%2Fcategories&post=163562"},{"taxonomy":"post_tag","embeddable":true,"href":"https:\/\/diarioregionaldigital.com.br\/index.php?rest_route=%2Fwp%2Fv2%2Ftags&post=163562"}],"curies":[{"name":"wp","href":"https:\/\/api.w.org\/{rel}","templated":true}]}}