{"id":163559,"date":"2020-07-01T14:34:58","date_gmt":"2020-07-01T17:34:58","guid":{"rendered":"https:\/\/diarioregionaldigital.com.br\/?p=163559"},"modified":"2020-07-01T14:34:58","modified_gmt":"2020-07-01T17:34:58","slug":"suspeito-de-distribuir-drogas-e-preso-pela-pcmg-em-juiz-de-fora","status":"publish","type":"post","link":"https:\/\/diarioregionaldigital.com.br\/?p=163559","title":{"rendered":"Suspeito de distribuir drogas \u00e9 preso pela PCMG em Juiz de Fora"},"content":{"rendered":"<p><span style=\"font-weight: 400;\">A Pol\u00edcia Civil de Minas Gerais (PCMG), prendeu nessa quarta-feira (1) na BR-040 em Juiz de Fora, um homem de 39 anos, suspeito de distribuir drogas no munic\u00edpio de Muria\u00e9. Conforme informa\u00e7\u00f5es da PCMG, o autor distribuia materiais para grupos criminosos em Muria\u00e9. A opera\u00e7\u00e3o batizada \u201cBarrilete C\u00f3smico\u201d, contou com a participa\u00e7\u00e3o de policiais civis que atuam na Delegacia de Repress\u00e3o a Entorpecentes (DRE) e na Ag\u00eancia de Intelig\u00eancia da 4\u00aa Delegacia Regional de Muria\u00e9 (AIP),\u00a0 resultou na apreens\u00e3o de mais de 140 Kg de maconha e haxixe.<\/span><\/p>\n<p><span style=\"font-weight: 400;\">Conforme o titular da DRE e coordenador da AIP, Delegado Tayrony Esp\u00edndola, as investiga\u00e7\u00f5es iniciaram h\u00e1 tr\u00eas meses e que o autor trabalhava como freelancer e fornecia drogas inclusive para grupos rivais:<\/span><\/p>\n<p><span style=\"font-weight: 400;\">\u201cEle era um mercen\u00e1rio que fornecia drogas inclusive para grupos rivais dentro de Muria\u00e9. Ele era respons\u00e1vel por disseminar grande parte da droga consumida no munic\u00edpio.\u201d<\/span><\/p>\n<p><span style=\"font-weight: 400;\">O Delegado conta que as equipes vieram para Juiz de Fora, em busca do paradeiro do suspeito. Com informa\u00e7\u00f5es em m\u00e3os, os policiais montaram um esquema de abordagem pela BR-040:<\/span><\/p>\n<p><span style=\"font-weight: 400;\">\u201cN\u00f3s posicionamos nossas equipes em pontos estrat\u00e9gicos na BR-040 e quando n\u00f3s avistamos o ve\u00edculo do suspeito, ele n\u00e3o resistiu a abordagem. Durante a vistoria e a varredura no ve\u00edculo, n\u00f3s encontramos aproximadamente 140 Kg de maconha que seriam distribu\u00eddos em Muria\u00e9\u201d diz o Delegado, complementando que, estima-se que essa apreens\u00e3o tenha causado um preju\u00edzo ao tr\u00e1fico de drogas no valor de R$ 100 mil.\u00a0<\/span><\/p>\n<p><span style=\"font-weight: 400;\">J\u00e1 o\u00a0 Chefe do 4\u00ba Departamento, Delegado-Geral Gustavo Ad\u00e9lio Lara Ferreira, destacou a import\u00e2ncia do trabalho de investiga\u00e7\u00e3o realizado pela Delegacia Regional de Muria\u00e9, parabenizando o Delegado Regional Alessandro Amaro da Matta; o Delegado respons\u00e1vel pelas investiga\u00e7\u00f5es, Tayrony Esp\u00edndola; bem como todos os policiais civis que participaram da a\u00e7\u00e3o:<\/span><\/p>\n<p><span style=\"font-weight: 400;\">\u201cParabenizar a equipe de entorpecentes da Regional de Muria\u00e9, que teve participa\u00e7\u00e3o do Delegado Tayrony e dos policiais civis, que fizeram um trabalho de excel\u00eancia e tamb\u00e9m uma investiga\u00e7\u00e3o muito valorosa que resultou na apreens\u00e3o de 140 Kg de maconha e haxixe. Isso mostra que nossa Pol\u00edcia est\u00e1 trabalhando sempre, diuturnamente, sem hora e sem fronteiras\u201d, finalizou.<\/span><\/p>\n<p>&nbsp;<\/p>\n","protected":false},"excerpt":{"rendered":"<p>A Pol\u00edcia Civil de Minas Gerais (PCMG), prendeu nessa quarta-feira (1) na BR-040 em Juiz de Fora, um homem de 39 anos, suspeito de distribuir drogas no munic\u00edpio de Muria\u00e9. Conforme informa\u00e7\u00f5es da PCMG, o autor distribuia materiais para grupos criminosos em Muria\u00e9. A opera\u00e7\u00e3o batizada \u201cBarrilete C\u00f3smico\u201d, contou com a participa\u00e7\u00e3o de policiais civis [&hellip;]<\/p>\n","protected":false},"author":96,"featured_media":163560,"comment_status":"closed","ping_status":"closed","sticky":false,"template":"","format":"standard","meta":{"footnotes":""},"categories":[301,436,439],"tags":[],"class_list":["post-163559","post","type-post","status-publish","format-standard","has-post-thumbnail","hentry","category-artigos-policiais","category-destaque-da-semana","category-ultima-hora"],"_links":{"self":[{"href":"https:\/\/diarioregionaldigital.com.br\/index.php?rest_route=\/wp\/v2\/posts\/163559","targetHints":{"allow":["GET"]}}],"collection":[{"href":"https:\/\/diarioregionaldigital.com.br\/index.php?rest_route=\/wp\/v2\/posts"}],"about":[{"href":"https:\/\/diarioregionaldigital.com.br\/index.php?rest_route=\/wp\/v2\/types\/post"}],"author":[{"embeddable":true,"href":"https:\/\/diarioregionaldigital.com.br\/index.php?rest_route=\/wp\/v2\/users\/96"}],"replies":[{"embeddable":true,"href":"https:\/\/diarioregionaldigital.com.br\/index.php?rest_route=%2Fwp%2Fv2%2Fcomments&post=163559"}],"version-history":[{"count":0,"href":"https:\/\/diarioregionaldigital.com.br\/index.php?rest_route=\/wp\/v2\/posts\/163559\/revisions"}],"wp:featuredmedia":[{"embeddable":true,"href":"https:\/\/diarioregionaldigital.com.br\/index.php?rest_route=\/wp\/v2\/media\/163560"}],"wp:attachment":[{"href":"https:\/\/diarioregionaldigital.com.br\/index.php?rest_route=%2Fwp%2Fv2%2Fmedia&parent=163559"}],"wp:term":[{"taxonomy":"category","embeddable":true,"href":"https:\/\/diarioregionaldigital.com.br\/index.php?rest_route=%2Fwp%2Fv2%2Fcategories&post=163559"},{"taxonomy":"post_tag","embeddable":true,"href":"https:\/\/diarioregionaldigital.com.br\/index.php?rest_route=%2Fwp%2Fv2%2Ftags&post=163559"}],"curies":[{"name":"wp","href":"https:\/\/api.w.org\/{rel}","templated":true}]}}