{"id":163556,"date":"2020-07-01T13:57:20","date_gmt":"2020-07-01T16:57:20","guid":{"rendered":"https:\/\/diarioregionaldigital.com.br\/?p=163556"},"modified":"2020-07-01T13:57:20","modified_gmt":"2020-07-01T16:57:20","slug":"ufjf-coordenara-grupo-de-pesquisadores-para-producao-de-vacina-oral-contra-coronavirus","status":"publish","type":"post","link":"https:\/\/diarioregionaldigital.com.br\/?p=163556","title":{"rendered":"UFJF coordenar\u00e1 grupo de pesquisadores para produ\u00e7\u00e3o de vacina oral contra Coronav\u00edrus"},"content":{"rendered":"<p><span style=\"font-weight: 400;\">Com o apoio da Funda\u00e7\u00e3o de Amparo \u00e0 Pesquisa do Estado de Minas Gerais (Fapemig) e a Secretaria de Estado de Desenvolvimento Econ\u00f4mico, a Universidade Federal de Juiz de Fora (UFJF), coordenar\u00e1 um grupo de pesquisadores, para a produ\u00e7\u00e3o de vacina oral contra o Coronav\u00edrus. O projeto vai atuar em tr\u00eas frentes cient\u00edficas.<\/span><\/p>\n<p><span style=\"font-weight: 400;\">Paralelamente \u00e0 cria\u00e7\u00e3o da vacina, os pesquisadores v\u00e3o estudar tamb\u00e9m os fatores ecol\u00f3gicos que contribuam para minimizar a gravidade da doen\u00e7a nos pacientes e tamb\u00e9m v\u00e3o investigar quais v\u00edrus est\u00e3o em circula\u00e7\u00e3o em Juiz de Fora e na Zona da Mata.<\/span><\/p>\n<p><span style=\"font-weight: 400;\">O coordenador do projeto e professor do Instituto de Ci\u00eancias Biol\u00f3gicas da UFJF, Cl\u00e1udio Galuppo Diniz, explica como a vacina oral ser\u00e1 produzida pelo grupo de pesquisa e que o resultado ser\u00e1 bem sucedido quando o corpo desenvolver imunidade \u00e0 Covid-19:\u00a0<\/span><\/p>\n<p><span style=\"font-weight: 400;\">\u201c\u00c9 uma abordagem metodol\u00f3gica diferente de outras estrat\u00e9gias, como atenua\u00e7\u00e3o viral ou utiliza\u00e7\u00e3o de outros v\u00edrus recombinantes. Mesmo vacinas em pesquisas mais adiantadas usando essas outras estrat\u00e9gias n\u00e3o alcan\u00e7aram sucesso at\u00e9 o momento, e n\u00e3o temos garantia que funcionar\u00e3o. Logo, precisamos de muita gente nessa corrida cient\u00edfica e tecnol\u00f3gica, testando diferentes estrat\u00e9gias vacinais porque, em algum momento, um grupo de pesquisadores vai acertar e toda a sociedade ganha\u201d<\/span><\/p>\n<p><b>Previs\u00e3o para conclus\u00e3o da pesquisa<\/b><\/p>\n<p><span style=\"font-weight: 400;\">Cl\u00e1udio diz que a vacina estar\u00e1 pronta, dentro do tempo necess\u00e1rio para solu\u00e7\u00f5es cient\u00edficas de qualidade e, no caso da atual pesquisa, do desenvolvimento de uma tecnologia nacional:<\/span><\/p>\n<p><span style=\"font-weight: 400;\">\u201cMesmo que a gente chegue com atraso, \u00e9 bom ter diferentes vacinas dispon\u00edveis, pois outras vari\u00e1veis, como transfer\u00eancia de tecnologia, custo e produ\u00e7\u00e3o em massa tamb\u00e9m s\u00e3o importantes. Acreditamos que nossa estrat\u00e9gia pode gerar uma vacina desenvolvida em uma universidade p\u00fablica e com tecnologia nacional, cuja produ\u00e7\u00e3o em massa \u00e9 economicamente vi\u00e1vel. H\u00e1 tamb\u00e9m a possibilidade de a plataforma tecnol\u00f3gica estabelecida poder ajudar na conten\u00e7\u00e3o de outras doen\u00e7as.\u201d\u00a0<\/span><\/p>\n<p><b>Grupo de pesquisa<\/b><\/p>\n<p><span style=\"font-weight: 400;\">O professor diz que este projeto surgiu em meio aos servi\u00e7os prestados pela UFJF ao Sistema \u00danico de Sa\u00fade (SUS).\u00a0 iniciativa surgiu no Centro de Estudos em Microbiologia (Cemic), cujo setor est\u00e1 habilitado para realizar testes referentes ao Coronav\u00edrus.<\/span><\/p>\n<p><span style=\"font-weight: 400;\">A proposta conta, ainda, com parceiros vinculados \u00e0 Empresa Brasileira de Pesquisa Agropecu\u00e1ria (Embrapa), \u00e0 Universidade de S\u00e3o Paulo (USP) e \u00e0 Universidade do Estado de Mato Grosso (Unemat). Na UFJF, integram a equipe os professores Aripuan\u00e3 Watanabe, Alessandra Machado, Vanessa Dias e V\u00e2nia L\u00facia da Silva, todos vinculados ao Cemic.\u00a0<\/span><\/p>\n<p><b>Pesquisas futuras<\/b><\/p>\n<p><span style=\"font-weight: 400;\">Al\u00e9m da cria\u00e7\u00e3o da vacina oral contra a Covid-19, o grupo de pesquisadores da UFJF trabalham com outras duas pesquisas: uma \u00e9 sobre o estudo dos novos coronav\u00edrus circulantes em escala local, em busca da compreens\u00e3o de aspectos epidemiol\u00f3gicos e biol\u00f3gicos virais na regi\u00e3o da Zona da Mata e outra \u00e9 dedicada \u00e0 compara\u00e7\u00e3o da estrutura da microbiota do trato respirat\u00f3rio superior de pacientes diagnosticados com a Covid-19<\/span><\/p>\n","protected":false},"excerpt":{"rendered":"<p>Com o apoio da Funda\u00e7\u00e3o de Amparo \u00e0 Pesquisa do Estado de Minas Gerais (Fapemig) e a Secretaria de Estado de Desenvolvimento Econ\u00f4mico, a Universidade Federal de Juiz de Fora (UFJF), coordenar\u00e1 um grupo de pesquisadores, para a produ\u00e7\u00e3o de vacina oral contra o Coronav\u00edrus. O projeto vai atuar em tr\u00eas frentes cient\u00edficas. Paralelamente \u00e0 [&hellip;]<\/p>\n","protected":false},"author":96,"featured_media":163557,"comment_status":"closed","ping_status":"closed","sticky":false,"template":"","format":"standard","meta":{"footnotes":""},"categories":[253,436,440,439],"tags":[],"class_list":["post-163556","post","type-post","status-publish","format-standard","has-post-thumbnail","hentry","category-cidade","category-destaque-da-semana","category-destaques-do-dia","category-ultima-hora"],"_links":{"self":[{"href":"https:\/\/diarioregionaldigital.com.br\/index.php?rest_route=\/wp\/v2\/posts\/163556","targetHints":{"allow":["GET"]}}],"collection":[{"href":"https:\/\/diarioregionaldigital.com.br\/index.php?rest_route=\/wp\/v2\/posts"}],"about":[{"href":"https:\/\/diarioregionaldigital.com.br\/index.php?rest_route=\/wp\/v2\/types\/post"}],"author":[{"embeddable":true,"href":"https:\/\/diarioregionaldigital.com.br\/index.php?rest_route=\/wp\/v2\/users\/96"}],"replies":[{"embeddable":true,"href":"https:\/\/diarioregionaldigital.com.br\/index.php?rest_route=%2Fwp%2Fv2%2Fcomments&post=163556"}],"version-history":[{"count":0,"href":"https:\/\/diarioregionaldigital.com.br\/index.php?rest_route=\/wp\/v2\/posts\/163556\/revisions"}],"wp:featuredmedia":[{"embeddable":true,"href":"https:\/\/diarioregionaldigital.com.br\/index.php?rest_route=\/wp\/v2\/media\/163557"}],"wp:attachment":[{"href":"https:\/\/diarioregionaldigital.com.br\/index.php?rest_route=%2Fwp%2Fv2%2Fmedia&parent=163556"}],"wp:term":[{"taxonomy":"category","embeddable":true,"href":"https:\/\/diarioregionaldigital.com.br\/index.php?rest_route=%2Fwp%2Fv2%2Fcategories&post=163556"},{"taxonomy":"post_tag","embeddable":true,"href":"https:\/\/diarioregionaldigital.com.br\/index.php?rest_route=%2Fwp%2Fv2%2Ftags&post=163556"}],"curies":[{"name":"wp","href":"https:\/\/api.w.org\/{rel}","templated":true}]}}