{"id":163553,"date":"2020-07-01T13:14:54","date_gmt":"2020-07-01T16:14:54","guid":{"rendered":"https:\/\/diarioregionaldigital.com.br\/?p=163553"},"modified":"2020-07-01T13:14:54","modified_gmt":"2020-07-01T16:14:54","slug":"faixa-de-idade-entre-30-e-39-anos-teve-maior-numero-de-registros-de-covid-19-na-semana-em-jf","status":"publish","type":"post","link":"https:\/\/diarioregionaldigital.com.br\/?p=163553","title":{"rendered":"Faixa de idade entre 30 e 39 anos teve maior n\u00famero de registros de Covid-19 na semana em JF"},"content":{"rendered":"<p><span style=\"font-weight: 400;\">Na ter\u00e7a-feira (30), a Prefeitura de Juiz de Fora (PJF), por meio do Departamento de Vigil\u00e2ncia Epidemiol\u00f3gica e Ambiental (Dvea), divulgou o quarto boletim com perfil epidemiol\u00f3gico de casos confirmados de covid-19 (coronav\u00edrus). Todos os dados divulgados neste informativo s\u00e3o referentes a residentes no Munic\u00edpio. Na \u00faltima semana, o maior volume de novos casos foi registrado em adultos com 30 a 39 anos, totalizando 111 registros a mais em rela\u00e7\u00e3o ao per\u00edodo anterior.<\/span><\/p>\n<p><span style=\"font-weight: 400;\">De 22 a 29 de junho foram registrados tr\u00eas novos casos em beb\u00eas, 11 em crian\u00e7as de um a nove anos, dez em adolescentes de dez a 19 anos, 65 em jovens com 20 a 29 anos, 72 em pessoas com 40 a 49 anos, 69 em cidad\u00e3os com 50 a 59 anos e 70 em idosos.<\/span><\/p>\n<p><span style=\"font-weight: 400;\">Nesta semana, seis bairros entraram para a lista dos locais que mais registraram casos positivos da doen\u00e7a: Bairu (19), Bandeirantes (18), Teixeiras (18), Grama (17), S\u00e3o Judas Tadeu (17) e Democrata (16). Al\u00e9m desses, foram 124 constata\u00e7\u00f5es no Centro, 71 no S\u00e3o Mateus, 53 no S\u00e3o Pedro, 42 no Altos dos Passos, 33 no Santa Helena, 32 em Benfica, 32 no Granville, 32 no Paineiras, 29 no Bom Pastor, 27 no Cascatinha, 27 no Estrela Sul, 26 no Granbery, 24 em Nova Era e 17 em Santa Luzia.<\/span><\/p>\n<p><span style=\"font-weight: 400;\">Para esse informativo foram levantados n\u00fameros absolutos, o que significa que o dado n\u00e3o \u00e9 baseado em incid\u00eancia, quando \u00e9 levado em considera\u00e7\u00e3o, por exemplo, o total de residentes de determinada \u00e1rea.<\/span><\/p>\n<p><b>N\u00fameros absolutos<\/b><\/p>\n<p><b>Mulheres:<\/b><span style=\"font-weight: 400;\"> 873 casos<\/span><\/p>\n<p><b>Homens:<\/b><span style=\"font-weight: 400;\"> 799<\/span><\/p>\n<p><b>&#8211; At\u00e9 1 ano:<\/b><span style=\"font-weight: 400;\"> 7 casos (0,41%)<\/span><\/p>\n<p><b>&#8211; 1 a 9 anos:<\/b><span style=\"font-weight: 400;\"> 35 (2,09%)<\/span><\/p>\n<p><b>&#8211; 10 a 19 anos:<\/b><span style=\"font-weight: 400;\"> 38 (2,27%)<\/span><\/p>\n<p><b>&#8211; 20 a 29 anos:<\/b><span style=\"font-weight: 400;\"> 267 casos (15,96%)<\/span><\/p>\n<p><b>&#8211; 30 a 39 anos:<\/b><span style=\"font-weight: 400;\"> 444 (26,55%)<\/span><\/p>\n<p><b>&#8211; 40 a 49 anos:<\/b><span style=\"font-weight: 400;\"> 313 casos (18,72%)<\/span><\/p>\n<p><b>&#8211; 50 a 59 anos:<\/b><span style=\"font-weight: 400;\"> 271 casos (16,20%)<\/span><\/p>\n<p><b>&#8211; 60 anos ou mais:<\/b><span style=\"font-weight: 400;\"> 296 casos (17,70%)<\/span><\/p>\n<p><strong>Fonte:<\/strong> Assessoria<\/p>\n<p>&nbsp;<\/p>\n","protected":false},"excerpt":{"rendered":"<p>Na ter\u00e7a-feira (30), a Prefeitura de Juiz de Fora (PJF), por meio do Departamento de Vigil\u00e2ncia Epidemiol\u00f3gica e Ambiental (Dvea), divulgou o quarto boletim com perfil epidemiol\u00f3gico de casos confirmados de covid-19 (coronav\u00edrus). Todos os dados divulgados neste informativo s\u00e3o referentes a residentes no Munic\u00edpio. Na \u00faltima semana, o maior volume de novos casos foi [&hellip;]<\/p>\n","protected":false},"author":96,"featured_media":163554,"comment_status":"closed","ping_status":"closed","sticky":false,"template":"","format":"standard","meta":{"footnotes":""},"categories":[253,436,440,439],"tags":[],"class_list":["post-163553","post","type-post","status-publish","format-standard","has-post-thumbnail","hentry","category-cidade","category-destaque-da-semana","category-destaques-do-dia","category-ultima-hora"],"_links":{"self":[{"href":"https:\/\/diarioregionaldigital.com.br\/index.php?rest_route=\/wp\/v2\/posts\/163553","targetHints":{"allow":["GET"]}}],"collection":[{"href":"https:\/\/diarioregionaldigital.com.br\/index.php?rest_route=\/wp\/v2\/posts"}],"about":[{"href":"https:\/\/diarioregionaldigital.com.br\/index.php?rest_route=\/wp\/v2\/types\/post"}],"author":[{"embeddable":true,"href":"https:\/\/diarioregionaldigital.com.br\/index.php?rest_route=\/wp\/v2\/users\/96"}],"replies":[{"embeddable":true,"href":"https:\/\/diarioregionaldigital.com.br\/index.php?rest_route=%2Fwp%2Fv2%2Fcomments&post=163553"}],"version-history":[{"count":0,"href":"https:\/\/diarioregionaldigital.com.br\/index.php?rest_route=\/wp\/v2\/posts\/163553\/revisions"}],"wp:featuredmedia":[{"embeddable":true,"href":"https:\/\/diarioregionaldigital.com.br\/index.php?rest_route=\/wp\/v2\/media\/163554"}],"wp:attachment":[{"href":"https:\/\/diarioregionaldigital.com.br\/index.php?rest_route=%2Fwp%2Fv2%2Fmedia&parent=163553"}],"wp:term":[{"taxonomy":"category","embeddable":true,"href":"https:\/\/diarioregionaldigital.com.br\/index.php?rest_route=%2Fwp%2Fv2%2Fcategories&post=163553"},{"taxonomy":"post_tag","embeddable":true,"href":"https:\/\/diarioregionaldigital.com.br\/index.php?rest_route=%2Fwp%2Fv2%2Ftags&post=163553"}],"curies":[{"name":"wp","href":"https:\/\/api.w.org\/{rel}","templated":true}]}}