{"id":163550,"date":"2020-07-01T13:08:10","date_gmt":"2020-07-01T16:08:10","guid":{"rendered":"https:\/\/diarioregionaldigital.com.br\/?p=163550"},"modified":"2020-07-01T13:08:10","modified_gmt":"2020-07-01T16:08:10","slug":"oms-relaxar-medidas-cedo-pode-causar-nova-onda-de-covid-19","status":"publish","type":"post","link":"https:\/\/diarioregionaldigital.com.br\/?p=163550","title":{"rendered":"OMS: relaxar medidas cedo pode causar nova onda de covid-19"},"content":{"rendered":"<p><span style=\"font-weight: 400;\">Pa\u00edses, estados e munic\u00edpios que relaxam cedo demais as medidas de restri\u00e7\u00e3o impostas para conter o novo coronav\u00edrus podem ser inundados com novos casos de covid-19, alertou a diretora regional da Organiza\u00e7\u00e3o Mundial da Sa\u00fade (OMS) para as Am\u00e9ricas, Carissa Etienne, nessa ter\u00e7a-feira (30), em entrevista coletiva por videoconfer\u00eancia.<\/span><\/p>\n<p><span style=\"font-weight: 400;\">Nos Estados Unidos (EUA), os estados de Washington e Nova York est\u00e3o vendo n\u00fameros muito baixos de novos casos e mortes, mas 27 estados est\u00e3o registrando crescimento exponencial, disse Etienne, que tamb\u00e9m \u00e9 diretora-geral da Organiza\u00e7\u00e3o Pan-Americana de Sa\u00fade (Opas).<\/span><\/p>\n<p><span style=\"font-weight: 400;\">A regi\u00e3o das Am\u00e9ricas registrou 5,1 milh\u00f5es de casos e mais de 247 mil mortes devido \u00e0 covid-19 at\u00e9 29 de junho, acrescentou.<\/span><\/p>\n<p><b>Alerta<\/b><\/p>\n<p><span style=\"font-weight: 400;\">O n\u00famero de mortes em decorr\u00eancia da covid-19 na Am\u00e9rica Latina pode chegar a 438 mil at\u00e9 outubro se as medidas preventivas n\u00e3o forem cumpridas pelos pa\u00edses da regi\u00e3o, alertou a diretora.<\/span><\/p>\n<p><span style=\"font-weight: 400;\">No momento, as mortes pela doen\u00e7a respirat\u00f3ria provocada pelo novo coronav\u00edrus na regi\u00e3o est\u00e3o em quase 114 mil, cerca de um quinto do n\u00famero global de \u00f3bitos, de acordo com mapeamento da Reuters.<\/span><\/p>\n<p><span style=\"font-weight: 400;\">As Am\u00e9ricas s\u00e3o o epicentro mundial da pandemia de coronav\u00edrus atualmente, e a cifra da regi\u00e3o como um todo pode quase triplicar e atingir 637 mil at\u00e9 o dia 1\u00ba de outubro, disse Carissa, ponderando, no entanto, que proje\u00e7\u00f5es de modelos matem\u00e1ticos n\u00e3o devem ser entendidas literalmente, mas somente como diretrizes de planejamento.<\/span><\/p>\n<p><span style=\"font-weight: 400;\">De acordo com as condi\u00e7\u00f5es atuais, acredita-se que a pandemia atingir\u00e1 o pico no Chile e na Col\u00f4mbia em meados de julho, mas na Argentina, no Brasil, na Bol\u00edvia e no Peru s\u00f3 em agosto, e a Costa Rica s\u00f3 achatar\u00e1 sua curva de infec\u00e7\u00f5es em outubro.<\/span><\/p>\n<p><span style=\"font-weight: 400;\">&#8220;A complac\u00eancia \u00e9 nossa inimiga na luta contra a covid-19&#8221;, disse ela, acrescentando: &#8220;A batalha \u00e9 dura, mas est\u00e1 longe de estar perdida&#8221;.<\/span><\/p>\n<p><strong>Fonte:\u00a0<\/strong>Ag\u00eancia Brasil<\/p>\n","protected":false},"excerpt":{"rendered":"<p>Pa\u00edses, estados e munic\u00edpios que relaxam cedo demais as medidas de restri\u00e7\u00e3o impostas para conter o novo coronav\u00edrus podem ser inundados com novos casos de covid-19, alertou a diretora regional da Organiza\u00e7\u00e3o Mundial da Sa\u00fade (OMS) para as Am\u00e9ricas, Carissa Etienne, nessa ter\u00e7a-feira (30), em entrevista coletiva por videoconfer\u00eancia. Nos Estados Unidos (EUA), os estados [&hellip;]<\/p>\n","protected":false},"author":96,"featured_media":163551,"comment_status":"closed","ping_status":"closed","sticky":false,"template":"","format":"standard","meta":{"footnotes":""},"categories":[302,436,440,439],"tags":[],"class_list":["post-163550","post","type-post","status-publish","format-standard","has-post-thumbnail","hentry","category-brasil-mundo","category-destaque-da-semana","category-destaques-do-dia","category-ultima-hora"],"_links":{"self":[{"href":"https:\/\/diarioregionaldigital.com.br\/index.php?rest_route=\/wp\/v2\/posts\/163550","targetHints":{"allow":["GET"]}}],"collection":[{"href":"https:\/\/diarioregionaldigital.com.br\/index.php?rest_route=\/wp\/v2\/posts"}],"about":[{"href":"https:\/\/diarioregionaldigital.com.br\/index.php?rest_route=\/wp\/v2\/types\/post"}],"author":[{"embeddable":true,"href":"https:\/\/diarioregionaldigital.com.br\/index.php?rest_route=\/wp\/v2\/users\/96"}],"replies":[{"embeddable":true,"href":"https:\/\/diarioregionaldigital.com.br\/index.php?rest_route=%2Fwp%2Fv2%2Fcomments&post=163550"}],"version-history":[{"count":0,"href":"https:\/\/diarioregionaldigital.com.br\/index.php?rest_route=\/wp\/v2\/posts\/163550\/revisions"}],"wp:featuredmedia":[{"embeddable":true,"href":"https:\/\/diarioregionaldigital.com.br\/index.php?rest_route=\/wp\/v2\/media\/163551"}],"wp:attachment":[{"href":"https:\/\/diarioregionaldigital.com.br\/index.php?rest_route=%2Fwp%2Fv2%2Fmedia&parent=163550"}],"wp:term":[{"taxonomy":"category","embeddable":true,"href":"https:\/\/diarioregionaldigital.com.br\/index.php?rest_route=%2Fwp%2Fv2%2Fcategories&post=163550"},{"taxonomy":"post_tag","embeddable":true,"href":"https:\/\/diarioregionaldigital.com.br\/index.php?rest_route=%2Fwp%2Fv2%2Ftags&post=163550"}],"curies":[{"name":"wp","href":"https:\/\/api.w.org\/{rel}","templated":true}]}}