{"id":163547,"date":"2020-07-01T11:18:02","date_gmt":"2020-07-01T14:18:02","guid":{"rendered":"https:\/\/diarioregionaldigital.com.br\/?p=163547"},"modified":"2020-07-01T11:18:02","modified_gmt":"2020-07-01T14:18:02","slug":"estado-passa-da-marca-de-mil-mortes-confirmadas-por-coronavirus","status":"publish","type":"post","link":"https:\/\/diarioregionaldigital.com.br\/?p=163547","title":{"rendered":"Estado passa da marca de mil mortes confirmadas por Coronav\u00edrus"},"content":{"rendered":"<p>O\u00a0<a href=\"https:\/\/www.saude.mg.gov.br\/images\/noticias_e_eventos\/000_2020\/Boletins_Corona\/Boletim_Epidemiologico_COVID-19_01.07.2020.pdf\">boletim epidemiol\u00f3gico<\/a> divulgado nesta quarta-feira (1) pela Secretaria de Estado da Sa\u00fade de Minas Gerais (SES-MG), aponta que o estado chega a marca de 1.007 mortes confirmadas por Coronav\u00edrus. Na compara\u00e7\u00e3o com o boletim de ontem (30), houve aumento de 42 mortes, sendo estas confirmadas em: Patos de Minas (2), Rio Parana\u00edba (1), Carmo do Parana\u00edba (1), S\u00e3o Gotardo (1), Coromandel (1), Bela Vista de Minas (1), Juiz de Fora (2), Piumhi (1), Atal\u00e9ia (1), Nanuque (1), Carlos Chagas (1), Coronel Fabriciano (1), Ipatinga (1), Caratinga (1), Tim\u00f3teo (1), Santa Juliana (1), Arax\u00e1 (1), Contagem (6), S\u00e3o Joaquim de Bicas (1), Uberl\u00e2ndia (3), Lavras (1), Curvelo (1), Buen\u00f3polis (1), Alvorada de Minas (1), Almenara (1) e Belo Horizonte (8).<\/p>\n<p>Conforme o levantamento, os casos confirmados subiram de 45.001 para 47.584 e n\u00famero de pacientes recuperados aumentou de 26.432 para 27.912, representando 58,6% dos casos em Minas Gerais. Ao todo 5.646 pacientes est\u00e3o internados e 41.938 fazem isolamento domiciliar. At\u00e9 ent\u00e3o foram feitos 40.665 testes laboratoriais, sendo que 7.083 deram positivo, 31.748 deram negativo e 1.338 est\u00e3o sob an\u00e1lise.<\/p>\n<p>Confira abaixo a tabela completa com os \u00f3bitos confirmados no estado:<\/p>\n<p><a href=\"https:\/\/diarioregionaldigital.com.br\/wp-content\/uploads\/2020\/07\/OBITOS_CONF_COVID-19_MG_01.07.2020.xlsx\">OBITOS_CONF_COVID-19_MG_01.07.2020<\/a><\/p>\n","protected":false},"excerpt":{"rendered":"<p>O\u00a0boletim epidemiol\u00f3gico divulgado nesta quarta-feira (1) pela Secretaria de Estado da Sa\u00fade de Minas Gerais (SES-MG), aponta que o estado chega a marca de 1.007 mortes confirmadas por Coronav\u00edrus. Na compara\u00e7\u00e3o com o boletim de ontem (30), houve aumento de 42 mortes, sendo estas confirmadas em: Patos de Minas (2), Rio Parana\u00edba (1), Carmo do [&hellip;]<\/p>\n","protected":false},"author":96,"featured_media":163054,"comment_status":"closed","ping_status":"closed","sticky":false,"template":"","format":"standard","meta":{"footnotes":""},"categories":[436,440,252,439],"tags":[],"class_list":["post-163547","post","type-post","status-publish","format-standard","has-post-thumbnail","hentry","category-destaque-da-semana","category-destaques-do-dia","category-regiao","category-ultima-hora"],"_links":{"self":[{"href":"https:\/\/diarioregionaldigital.com.br\/index.php?rest_route=\/wp\/v2\/posts\/163547","targetHints":{"allow":["GET"]}}],"collection":[{"href":"https:\/\/diarioregionaldigital.com.br\/index.php?rest_route=\/wp\/v2\/posts"}],"about":[{"href":"https:\/\/diarioregionaldigital.com.br\/index.php?rest_route=\/wp\/v2\/types\/post"}],"author":[{"embeddable":true,"href":"https:\/\/diarioregionaldigital.com.br\/index.php?rest_route=\/wp\/v2\/users\/96"}],"replies":[{"embeddable":true,"href":"https:\/\/diarioregionaldigital.com.br\/index.php?rest_route=%2Fwp%2Fv2%2Fcomments&post=163547"}],"version-history":[{"count":0,"href":"https:\/\/diarioregionaldigital.com.br\/index.php?rest_route=\/wp\/v2\/posts\/163547\/revisions"}],"wp:featuredmedia":[{"embeddable":true,"href":"https:\/\/diarioregionaldigital.com.br\/index.php?rest_route=\/wp\/v2\/media\/163054"}],"wp:attachment":[{"href":"https:\/\/diarioregionaldigital.com.br\/index.php?rest_route=%2Fwp%2Fv2%2Fmedia&parent=163547"}],"wp:term":[{"taxonomy":"category","embeddable":true,"href":"https:\/\/diarioregionaldigital.com.br\/index.php?rest_route=%2Fwp%2Fv2%2Fcategories&post=163547"},{"taxonomy":"post_tag","embeddable":true,"href":"https:\/\/diarioregionaldigital.com.br\/index.php?rest_route=%2Fwp%2Fv2%2Ftags&post=163547"}],"curies":[{"name":"wp","href":"https:\/\/api.w.org\/{rel}","templated":true}]}}