{"id":163544,"date":"2020-07-01T11:06:58","date_gmt":"2020-07-01T14:06:58","guid":{"rendered":"https:\/\/diarioregionaldigital.com.br\/?p=163544"},"modified":"2020-07-01T11:06:58","modified_gmt":"2020-07-01T14:06:58","slug":"parte-de-plataforma-cai-e-mata-funcionario-na-fabrica-da-mercedes-benz","status":"publish","type":"post","link":"https:\/\/diarioregionaldigital.com.br\/?p=163544","title":{"rendered":"Parte de plataforma cai e mata funcion\u00e1rio na f\u00e1brica da Mercedes-Benz"},"content":{"rendered":"<p>Um homem de 57 anos, morreu na madrugada de ter\u00e7a-feira (30), durante seu turno de trabalho na f\u00e1brica da Mercedes-Benz, no Bairro Barreira do Triunfo (Regi\u00e3o Noroeste) em Juiz de Fora. Segundo relatos de testemunhas, uma plataforma estava passando por manuten\u00e7\u00e3o, quando por motivos desconhecidos, parte da estrutura sucumbiu e veio a cair em cima de dois funcion\u00e1rios, sendo que um deles conseguiu sair e o outro ficou preso.<\/p>\n<p>Ap\u00f3s o incidente, o Corpo de Bombeiros foi acionado e retirou a v\u00edtima debaixo das ferragens, sendo esta encaminhada para a UPA Norte, mas n\u00e3o resistiu aos ferimentos e veio a falecer. Uma das testemunhas confirmou o fato, colaborando com relatos feitos no local. O corpo da v\u00edtima foi removido da UPA e encaminhada para a funer\u00e1ria conveniada.<\/p>\n","protected":false},"excerpt":{"rendered":"<p>Um homem de 57 anos, morreu na madrugada de ter\u00e7a-feira (30), durante seu turno de trabalho na f\u00e1brica da Mercedes-Benz, no Bairro Barreira do Triunfo (Regi\u00e3o Noroeste) em Juiz de Fora. Segundo relatos de testemunhas, uma plataforma estava passando por manuten\u00e7\u00e3o, quando por motivos desconhecidos, parte da estrutura sucumbiu e veio a cair em cima [&hellip;]<\/p>\n","protected":false},"author":96,"featured_media":163545,"comment_status":"closed","ping_status":"closed","sticky":false,"template":"","format":"standard","meta":{"footnotes":""},"categories":[301,436,439],"tags":[],"class_list":["post-163544","post","type-post","status-publish","format-standard","has-post-thumbnail","hentry","category-artigos-policiais","category-destaque-da-semana","category-ultima-hora"],"_links":{"self":[{"href":"https:\/\/diarioregionaldigital.com.br\/index.php?rest_route=\/wp\/v2\/posts\/163544","targetHints":{"allow":["GET"]}}],"collection":[{"href":"https:\/\/diarioregionaldigital.com.br\/index.php?rest_route=\/wp\/v2\/posts"}],"about":[{"href":"https:\/\/diarioregionaldigital.com.br\/index.php?rest_route=\/wp\/v2\/types\/post"}],"author":[{"embeddable":true,"href":"https:\/\/diarioregionaldigital.com.br\/index.php?rest_route=\/wp\/v2\/users\/96"}],"replies":[{"embeddable":true,"href":"https:\/\/diarioregionaldigital.com.br\/index.php?rest_route=%2Fwp%2Fv2%2Fcomments&post=163544"}],"version-history":[{"count":0,"href":"https:\/\/diarioregionaldigital.com.br\/index.php?rest_route=\/wp\/v2\/posts\/163544\/revisions"}],"wp:featuredmedia":[{"embeddable":true,"href":"https:\/\/diarioregionaldigital.com.br\/index.php?rest_route=\/wp\/v2\/media\/163545"}],"wp:attachment":[{"href":"https:\/\/diarioregionaldigital.com.br\/index.php?rest_route=%2Fwp%2Fv2%2Fmedia&parent=163544"}],"wp:term":[{"taxonomy":"category","embeddable":true,"href":"https:\/\/diarioregionaldigital.com.br\/index.php?rest_route=%2Fwp%2Fv2%2Fcategories&post=163544"},{"taxonomy":"post_tag","embeddable":true,"href":"https:\/\/diarioregionaldigital.com.br\/index.php?rest_route=%2Fwp%2Fv2%2Ftags&post=163544"}],"curies":[{"name":"wp","href":"https:\/\/api.w.org\/{rel}","templated":true}]}}