{"id":163540,"date":"2020-07-01T10:27:25","date_gmt":"2020-07-01T13:27:25","guid":{"rendered":"https:\/\/diarioregionaldigital.com.br\/?p=163540"},"modified":"2020-07-01T10:27:25","modified_gmt":"2020-07-01T13:27:25","slug":"homem-fica-ferido-durante-assalto-em-ponto-de-onibus-no-centro","status":"publish","type":"post","link":"https:\/\/diarioregionaldigital.com.br\/?p=163540","title":{"rendered":"Homem fica ferido durante assalto em ponto de \u00f4nibus no Centro"},"content":{"rendered":"<p>Um homem de 39 anos, estava em um ponto de \u00f4nibus da Rua Bahia, no Centro de Juiz de Fora, quando foi abordado por quatro indiv\u00edduos, exigindo que entregasse o telefone celular e a mochila. A v\u00edtima entregou o aparelho mas segurou sua mochila. Logo em seguida um dos autores armado com faca, desferiu um golpe na m\u00e3o direita da v\u00edtima, sendo encaminhada para o Hospital Maternidade Santa Terezinha. A Pol\u00edcia Militar (PM) foi acionada e obteve \u00eaxito em localizar os autores.<\/p>\n","protected":false},"excerpt":{"rendered":"<p>Um homem de 39 anos, estava em um ponto de \u00f4nibus da Rua Bahia, no Centro de Juiz de Fora, quando foi abordado por quatro indiv\u00edduos, exigindo que entregasse o telefone celular e a mochila. A v\u00edtima entregou o aparelho mas segurou sua mochila. Logo em seguida um dos autores armado com faca, desferiu um [&hellip;]<\/p>\n","protected":false},"author":96,"featured_media":163194,"comment_status":"closed","ping_status":"closed","sticky":false,"template":"","format":"standard","meta":{"footnotes":""},"categories":[301,436,439],"tags":[],"class_list":["post-163540","post","type-post","status-publish","format-standard","has-post-thumbnail","hentry","category-artigos-policiais","category-destaque-da-semana","category-ultima-hora"],"_links":{"self":[{"href":"https:\/\/diarioregionaldigital.com.br\/index.php?rest_route=\/wp\/v2\/posts\/163540","targetHints":{"allow":["GET"]}}],"collection":[{"href":"https:\/\/diarioregionaldigital.com.br\/index.php?rest_route=\/wp\/v2\/posts"}],"about":[{"href":"https:\/\/diarioregionaldigital.com.br\/index.php?rest_route=\/wp\/v2\/types\/post"}],"author":[{"embeddable":true,"href":"https:\/\/diarioregionaldigital.com.br\/index.php?rest_route=\/wp\/v2\/users\/96"}],"replies":[{"embeddable":true,"href":"https:\/\/diarioregionaldigital.com.br\/index.php?rest_route=%2Fwp%2Fv2%2Fcomments&post=163540"}],"version-history":[{"count":0,"href":"https:\/\/diarioregionaldigital.com.br\/index.php?rest_route=\/wp\/v2\/posts\/163540\/revisions"}],"wp:featuredmedia":[{"embeddable":true,"href":"https:\/\/diarioregionaldigital.com.br\/index.php?rest_route=\/wp\/v2\/media\/163194"}],"wp:attachment":[{"href":"https:\/\/diarioregionaldigital.com.br\/index.php?rest_route=%2Fwp%2Fv2%2Fmedia&parent=163540"}],"wp:term":[{"taxonomy":"category","embeddable":true,"href":"https:\/\/diarioregionaldigital.com.br\/index.php?rest_route=%2Fwp%2Fv2%2Fcategories&post=163540"},{"taxonomy":"post_tag","embeddable":true,"href":"https:\/\/diarioregionaldigital.com.br\/index.php?rest_route=%2Fwp%2Fv2%2Ftags&post=163540"}],"curies":[{"name":"wp","href":"https:\/\/api.w.org\/{rel}","templated":true}]}}