{"id":163534,"date":"2020-07-01T10:01:19","date_gmt":"2020-07-01T13:01:19","guid":{"rendered":"https:\/\/diarioregionaldigital.com.br\/?p=163534"},"modified":"2020-07-01T10:01:19","modified_gmt":"2020-07-01T13:01:19","slug":"pela-primeira-vez-menos-da-metade-das-pessoas-em-idade-de-trabalhar-esta-ocupada","status":"publish","type":"post","link":"https:\/\/diarioregionaldigital.com.br\/?p=163534","title":{"rendered":"Pela primeira vez, menos da metade das pessoas em idade de trabalhar est\u00e1 ocupada"},"content":{"rendered":"<p><span style=\"font-weight: 400;\">O percentual de pessoas ocupadas na popula\u00e7\u00e3o em idade de trabalhar chegou a 49,5% no trimestre encerrado em maio, queda de cinco pontos percentuais em rela\u00e7\u00e3o ao trimestre at\u00e9 fevereiro. \u00c9 mais baixo n\u00edvel da ocupa\u00e7\u00e3o desde o in\u00edcio da Pesquisa Nacional por Amostra de Domic\u00edlios Cont\u00ednua (PNAD Cont\u00ednua), em 2012. Os dados da pesquisa foram divulgados pelo IBGE.<\/span><\/p>\n<p><span style=\"font-weight: 400;\">\u201cPela primeira vez na s\u00e9rie hist\u00f3rica da pesquisa, o n\u00edvel da ocupa\u00e7\u00e3o ficou abaixo de 50%. Isso significa que menos da metade da popula\u00e7\u00e3o em idade de trabalhar est\u00e1 trabalhando. Isso nunca havia ocorrido na PNAD Cont\u00ednua\u201d, explica a analista da pesquisa, Adriana Beringuy. S\u00e3o 85,9 milh\u00f5es de pessoas ocupadas.<\/span><\/p>\n<p><span style=\"font-weight: 400;\">A taxa de desocupa\u00e7\u00e3o passou de 11,6%, no trimestre at\u00e9 fevereiro, para 12,9% no trimestre terminado em maio, atingindo 12,7 milh\u00f5es de desempregados. S\u00e3o mais 368 mil pessoas \u00e0 procura de trabalho em rela\u00e7\u00e3o ao trimestre anterior. No mesmo per\u00edodo, 7,8 milh\u00f5es de pessoas sa\u00edram da popula\u00e7\u00e3o ocupada, uma queda de 8,3%.<\/span><\/p>\n<p><span style=\"font-weight: 400;\">\u201c\u00c9 uma redu\u00e7\u00e3o in\u00e9dita na pesquisa e atinge principalmente os trabalhadores informais. Da queda de 7,8 milh\u00f5es de pessoas ocupadas, 5,8 milh\u00f5es eram informais\u201d, destaca Beringuy.<\/span><\/p>\n<p><span style=\"font-weight: 400;\">Os trabalhadores informais somam os profissionais sem carteira assinada (empregados do setor privado e trabalhadores dom\u00e9sticos), sem CNPJ (empregadores e por conta pr\u00f3pria) e sem remunera\u00e7\u00e3o. O n\u00famero de empregados no setor privado sem carteira assinada caiu 20,8%, significando 2,4 milh\u00f5es a menos no mercado de trabalho. J\u00e1 os trabalhadores por conta pr\u00f3pria diminu\u00edram em 8,4%, ou seja, 2,1 milh\u00f5es de pessoas. Com isso, a taxa de informalidade caiu de 40,6% para 37,6%, a menor desde 2016, quando o indicador passou a ser produzido.<\/span><\/p>\n<p><span style=\"font-weight: 400;\">\u201cNumericamente n\u00f3s temos uma queda da informalidade, mas isso n\u00e3o necessariamente \u00e9 um bom sinal. Significa que essas pessoas est\u00e3o perdendo ocupa\u00e7\u00e3o e n\u00e3o est\u00e3o se inserindo em outro emprego. Est\u00e3o ficando fora da for\u00e7a de trabalho\u201d, analisa a pesquisadora.<\/span><\/p>\n<p><span style=\"font-weight: 400;\">Ela explica ainda que, com a redu\u00e7\u00e3o no n\u00famero de trabalhadores informais, grupo que geralmente ganha remunera\u00e7\u00f5es menores, o rendimento m\u00e9dio habitual teve aumento de 3,6%, chegando a R$ 2.460, o maior desde o in\u00edcio da s\u00e9rie. J\u00e1 a massa de rendimento real foi estimada em R$ 206,6 bilh\u00f5es, uma queda de 5% frente ao trimestre anterior.<\/span><\/p>\n<p><b>1,2 milh\u00e3o de trabalhadores dom\u00e9sticos sa\u00edram do mercado de trabalho<\/b><\/p>\n<p><span style=\"font-weight: 400;\">O n\u00famero de trabalhadores dom\u00e9sticos, estimado em 5 milh\u00f5es de pessoas, teve uma queda de 18,9% em rela\u00e7\u00e3o ao trimestre encerrado em fevereiro. S\u00e3o 1,2 milh\u00e3o de trabalhadores a menos no mercado de trabalho. J\u00e1 o contingente de empregados no setor privado com carteira assinada (sem contar os trabalhadores dom\u00e9sticos) teve uma queda de 7,5%, ou seja, menos 2,5 milh\u00f5es de pessoas no mercado, totalizando 31,1 milh\u00f5es e atingindo o menor n\u00edvel da s\u00e9rie.<\/span><\/p>\n<p><span style=\"font-weight: 400;\">Com essas redu\u00e7\u00f5es, o contingente na for\u00e7a de trabalho (pessoas ocupadas e desocupadas) chegou a 98,6 milh\u00f5es de pessoas, uma queda de 7,4 milh\u00f5es (-7%) em rela\u00e7\u00e3o ao trimestre encerrado em fevereiro.<\/span><\/p>\n<p><span style=\"font-weight: 400;\">\u201cUma parte importante da popula\u00e7\u00e3o fora da for\u00e7a \u00e9 formada por pessoas que at\u00e9 gostariam de trabalhar, mas que n\u00e3o est\u00e3o conseguindo se inserir no mercado, muito provavelmente em fun\u00e7\u00e3o do cen\u00e1rio econ\u00f4mico, das dificuldades em encontrar emprego, seja devido ao isolamento social, seja porque o consumo das fam\u00edlias est\u00e1 baixo e as empresas tamb\u00e9m n\u00e3o est\u00e3o contratando. Ent\u00e3o esse m\u00eas de maio aprofunda tudo aquilo que a gente estava vendo em abril\u201d, conclui Beringuy.<\/span><\/p>\n<p><b>Com\u00e9rcio perde dois milh\u00f5es de pessoas ocupadas<\/b><\/p>\n<p><span style=\"font-weight: 400;\">O \u00fanico grupamento de atividade que teve aumento em rela\u00e7\u00e3o ao trimestre encerrado em fevereiro foi o de administra\u00e7\u00e3o p\u00fablica, defesa, seguridade social, educa\u00e7\u00e3o, sa\u00fade humana e servi\u00e7os sociais, que cresceu 4,6% no per\u00edodo. Isso significa um aumento de 748 mil pessoas no setor.<\/span><\/p>\n<p><span style=\"font-weight: 400;\">Entre os outros grupamentos de atividade, o que apresentou a maior queda em rela\u00e7\u00e3o ao n\u00famero de pessoas ocupadas foi o Com\u00e9rcio, repara\u00e7\u00e3o de ve\u00edculos automotores e motocicletas (-11,1%), com menos 2 milh\u00f5es de empregados. J\u00e1 a Ind\u00fastria perdeu 1,2 milh\u00e3o de pessoas (-10,1%) e a Constru\u00e7\u00e3o, 1,1 milh\u00e3o (-16,4%).<\/span><\/p>\n<p><strong>Fonte:<\/strong> Ag\u00eancia IBGE<\/p>\n","protected":false},"excerpt":{"rendered":"<p>O percentual de pessoas ocupadas na popula\u00e7\u00e3o em idade de trabalhar chegou a 49,5% no trimestre encerrado em maio, queda de cinco pontos percentuais em rela\u00e7\u00e3o ao trimestre at\u00e9 fevereiro. \u00c9 mais baixo n\u00edvel da ocupa\u00e7\u00e3o desde o in\u00edcio da Pesquisa Nacional por Amostra de Domic\u00edlios Cont\u00ednua (PNAD Cont\u00ednua), em 2012. Os dados da pesquisa [&hellip;]<\/p>\n","protected":false},"author":96,"featured_media":163535,"comment_status":"closed","ping_status":"closed","sticky":false,"template":"","format":"standard","meta":{"footnotes":""},"categories":[436,261,439],"tags":[],"class_list":["post-163534","post","type-post","status-publish","format-standard","has-post-thumbnail","hentry","category-destaque-da-semana","category-economia","category-ultima-hora"],"_links":{"self":[{"href":"https:\/\/diarioregionaldigital.com.br\/index.php?rest_route=\/wp\/v2\/posts\/163534","targetHints":{"allow":["GET"]}}],"collection":[{"href":"https:\/\/diarioregionaldigital.com.br\/index.php?rest_route=\/wp\/v2\/posts"}],"about":[{"href":"https:\/\/diarioregionaldigital.com.br\/index.php?rest_route=\/wp\/v2\/types\/post"}],"author":[{"embeddable":true,"href":"https:\/\/diarioregionaldigital.com.br\/index.php?rest_route=\/wp\/v2\/users\/96"}],"replies":[{"embeddable":true,"href":"https:\/\/diarioregionaldigital.com.br\/index.php?rest_route=%2Fwp%2Fv2%2Fcomments&post=163534"}],"version-history":[{"count":0,"href":"https:\/\/diarioregionaldigital.com.br\/index.php?rest_route=\/wp\/v2\/posts\/163534\/revisions"}],"wp:featuredmedia":[{"embeddable":true,"href":"https:\/\/diarioregionaldigital.com.br\/index.php?rest_route=\/wp\/v2\/media\/163535"}],"wp:attachment":[{"href":"https:\/\/diarioregionaldigital.com.br\/index.php?rest_route=%2Fwp%2Fv2%2Fmedia&parent=163534"}],"wp:term":[{"taxonomy":"category","embeddable":true,"href":"https:\/\/diarioregionaldigital.com.br\/index.php?rest_route=%2Fwp%2Fv2%2Fcategories&post=163534"},{"taxonomy":"post_tag","embeddable":true,"href":"https:\/\/diarioregionaldigital.com.br\/index.php?rest_route=%2Fwp%2Fv2%2Ftags&post=163534"}],"curies":[{"name":"wp","href":"https:\/\/api.w.org\/{rel}","templated":true}]}}