{"id":163512,"date":"2020-06-30T22:22:41","date_gmt":"2020-07-01T01:22:41","guid":{"rendered":"https:\/\/diarioregionaldigital.com.br\/?p=163512"},"modified":"2020-06-30T22:22:41","modified_gmt":"2020-07-01T01:22:41","slug":"brasil-registra-1-280-obitos-por-covid-19-nas-ultimas-24-horas","status":"publish","type":"post","link":"https:\/\/diarioregionaldigital.com.br\/?p=163512","title":{"rendered":"Brasil registra 1.280 \u00f3bitos por covid-19 nas \u00faltimas 24 horas"},"content":{"rendered":"<p>A atualiza\u00e7\u00e3o do Minist\u00e9rio da Sa\u00fade desta\u00a0ter\u00e7a-feira (30) mostra\u00a0que o Brasil registrou 1.280 \u00f3bitos por covid-19 nas \u00faltimas 24horas, totalizando 59.594.\u00a0A marca de\u00a0hoje\u00a0representa\u00a0um aumento de 2,1% em rela\u00e7\u00e3o ao balan\u00e7o de\u00a0ontem (29), quando foram contabilizados 58.314 \u00f3bitos em fun\u00e7\u00e3o da covid-19. Ainda h\u00e1 3.950 mortes em investiga\u00e7\u00e3o.<img decoding=\"async\" src=\"https:\/\/agenciabrasil.ebc.com.br\/ebc.png?id=1310612&amp;o=node\" \/><\/p>\n<p>A taxa de letalidade (n\u00famero de mortes pelo total de casos) ficou em 4,3%. A mortalidade (quantidade de \u00f3bitos por 100 mil habitantes) atingiu 28,4.<\/p>\n<p>O levantamento do\u00a0Minist\u00e9rio da Sa\u00fade\u00a0mostra\u00a0tamb\u00e9m 33.486 novos casos confirmados da doen\u00e7a, atingindo 1.402.041 casos acumulados de covid-19 em todo o pa\u00eds, um aumento de 2,4%, se comparado com os dados de ontem.\u00a0Com isso, a incid\u00eancia dos casos de covid-19 por 100 mil habitantes subiu para 667,2.<\/p>\n<p>O balan\u00e7o aponta ainda que\u00a0552.407 pacientes est\u00e3o em observa\u00e7\u00e3o, enquanto o total de recuperados desde o in\u00edcio da pandemia \u00e9 de\u00a0790.040.<\/p>\n<p>Geralmente, o n\u00famero de novos registros de \u00f3bitos e casos confirmados de covid-19 \u00e9 menor aos s\u00e1bados, domingos e segundas-feiras devido \u00e0 dificuldade de as secretarias estaduais alimentarem o banco de dados com as notifica\u00e7\u00f5es. J\u00e1 \u00e0s ter\u00e7as-feiras, os n\u00fameros s\u00e3o maiores em raz\u00e3o do ac\u00famulo de notifica\u00e7\u00f5es dos dias anteriores.<\/p>\n<p><strong>Covid-19 nos estados<\/strong><\/p>\n<p>Os estados com mais mortes em fun\u00e7\u00e3o da pandemia:\u00a0S\u00e3o Paulo (14.763), Rio\u00a0de Janeiro\u00a0(10.080), Cear\u00e1 (6.146), Par\u00e1 (4.920) e Pernambuco (4.829). As unidades da Federa\u00e7\u00e3o com menos \u00f3bitos:\u00a0Mato Grosso do Sul (46), Tocantins (200), Roraima (283), Santa Catarina (341) e Acre (365).<\/p>\n<p><strong>Fonte:\u00a0<\/strong>Ag\u00eancia Brasil<\/p>\n","protected":false},"excerpt":{"rendered":"<p>A atualiza\u00e7\u00e3o do Minist\u00e9rio da Sa\u00fade desta\u00a0ter\u00e7a-feira (30) mostra\u00a0que o Brasil registrou 1.280 \u00f3bitos por covid-19 nas \u00faltimas 24horas, totalizando 59.594.\u00a0A marca de\u00a0hoje\u00a0representa\u00a0um aumento de 2,1% em rela\u00e7\u00e3o ao balan\u00e7o de\u00a0ontem (29), quando foram contabilizados 58.314 \u00f3bitos em fun\u00e7\u00e3o da covid-19. Ainda h\u00e1 3.950 mortes em investiga\u00e7\u00e3o. A taxa de letalidade (n\u00famero de mortes pelo [&hellip;]<\/p>\n","protected":false},"author":96,"featured_media":163513,"comment_status":"closed","ping_status":"closed","sticky":false,"template":"","format":"standard","meta":{"footnotes":""},"categories":[302,436,440,439],"tags":[],"class_list":["post-163512","post","type-post","status-publish","format-standard","has-post-thumbnail","hentry","category-brasil-mundo","category-destaque-da-semana","category-destaques-do-dia","category-ultima-hora"],"_links":{"self":[{"href":"https:\/\/diarioregionaldigital.com.br\/index.php?rest_route=\/wp\/v2\/posts\/163512","targetHints":{"allow":["GET"]}}],"collection":[{"href":"https:\/\/diarioregionaldigital.com.br\/index.php?rest_route=\/wp\/v2\/posts"}],"about":[{"href":"https:\/\/diarioregionaldigital.com.br\/index.php?rest_route=\/wp\/v2\/types\/post"}],"author":[{"embeddable":true,"href":"https:\/\/diarioregionaldigital.com.br\/index.php?rest_route=\/wp\/v2\/users\/96"}],"replies":[{"embeddable":true,"href":"https:\/\/diarioregionaldigital.com.br\/index.php?rest_route=%2Fwp%2Fv2%2Fcomments&post=163512"}],"version-history":[{"count":0,"href":"https:\/\/diarioregionaldigital.com.br\/index.php?rest_route=\/wp\/v2\/posts\/163512\/revisions"}],"wp:featuredmedia":[{"embeddable":true,"href":"https:\/\/diarioregionaldigital.com.br\/index.php?rest_route=\/wp\/v2\/media\/163513"}],"wp:attachment":[{"href":"https:\/\/diarioregionaldigital.com.br\/index.php?rest_route=%2Fwp%2Fv2%2Fmedia&parent=163512"}],"wp:term":[{"taxonomy":"category","embeddable":true,"href":"https:\/\/diarioregionaldigital.com.br\/index.php?rest_route=%2Fwp%2Fv2%2Fcategories&post=163512"},{"taxonomy":"post_tag","embeddable":true,"href":"https:\/\/diarioregionaldigital.com.br\/index.php?rest_route=%2Fwp%2Fv2%2Ftags&post=163512"}],"curies":[{"name":"wp","href":"https:\/\/api.w.org\/{rel}","templated":true}]}}