{"id":163499,"date":"2020-06-30T18:19:35","date_gmt":"2020-06-30T21:19:35","guid":{"rendered":"https:\/\/diarioregionaldigital.com.br\/?p=163499"},"modified":"2020-06-30T18:19:35","modified_gmt":"2020-06-30T21:19:35","slug":"juiz-de-fora-tem-1-730-casos-confirmados-e-56-mortes","status":"publish","type":"post","link":"https:\/\/diarioregionaldigital.com.br\/?p=163499","title":{"rendered":"Juiz de Fora tem 1.730 casos confirmados e 56 mortes"},"content":{"rendered":"<p>A Secretaria de Sa\u00fade (SS) da Prefeitura de Juiz de Fora (PJF), registrou em boletim epidemiol\u00f3gico divulgado nesta ter\u00e7a-feira (30), mais 61 novos casos confirmados por Coronav\u00edrus, totalizando 1.730. O novo levantamento registrou mais um \u00f3bito, totalizando 56. A v\u00edtima \u00e9 um idoso de 66 anos que morreu nessa segunda, 29. Ele tinha Doen\u00e7a Cardiovascular Cr\u00f4nica (DCC), Hipertens\u00e3o Arterial Sist\u00eamica (HAS) e Diabetes Mellitus (DM). Com as atualiza\u00e7\u00f5es, 254 novas suspeitas foram registradas, contabilizando 8.028.<\/p>\n<div class=\"the_champ_sharing_container the_champ_horizontal_sharing\"><\/div>\n","protected":false},"excerpt":{"rendered":"<p>A Secretaria de Sa\u00fade (SS) da Prefeitura de Juiz de Fora (PJF), registrou em boletim epidemiol\u00f3gico divulgado nesta ter\u00e7a-feira (30), mais 61 novos casos confirmados por Coronav\u00edrus, totalizando 1.730. O novo levantamento registrou mais um \u00f3bito, totalizando 56. A v\u00edtima \u00e9 um idoso de 66 anos que morreu nessa segunda, 29. Ele tinha Doen\u00e7a Cardiovascular [&hellip;]<\/p>\n","protected":false},"author":96,"featured_media":157246,"comment_status":"closed","ping_status":"closed","sticky":false,"template":"","format":"standard","meta":{"footnotes":""},"categories":[253,436,440,439],"tags":[],"class_list":["post-163499","post","type-post","status-publish","format-standard","has-post-thumbnail","hentry","category-cidade","category-destaque-da-semana","category-destaques-do-dia","category-ultima-hora"],"_links":{"self":[{"href":"https:\/\/diarioregionaldigital.com.br\/index.php?rest_route=\/wp\/v2\/posts\/163499","targetHints":{"allow":["GET"]}}],"collection":[{"href":"https:\/\/diarioregionaldigital.com.br\/index.php?rest_route=\/wp\/v2\/posts"}],"about":[{"href":"https:\/\/diarioregionaldigital.com.br\/index.php?rest_route=\/wp\/v2\/types\/post"}],"author":[{"embeddable":true,"href":"https:\/\/diarioregionaldigital.com.br\/index.php?rest_route=\/wp\/v2\/users\/96"}],"replies":[{"embeddable":true,"href":"https:\/\/diarioregionaldigital.com.br\/index.php?rest_route=%2Fwp%2Fv2%2Fcomments&post=163499"}],"version-history":[{"count":0,"href":"https:\/\/diarioregionaldigital.com.br\/index.php?rest_route=\/wp\/v2\/posts\/163499\/revisions"}],"wp:featuredmedia":[{"embeddable":true,"href":"https:\/\/diarioregionaldigital.com.br\/index.php?rest_route=\/wp\/v2\/media\/157246"}],"wp:attachment":[{"href":"https:\/\/diarioregionaldigital.com.br\/index.php?rest_route=%2Fwp%2Fv2%2Fmedia&parent=163499"}],"wp:term":[{"taxonomy":"category","embeddable":true,"href":"https:\/\/diarioregionaldigital.com.br\/index.php?rest_route=%2Fwp%2Fv2%2Fcategories&post=163499"},{"taxonomy":"post_tag","embeddable":true,"href":"https:\/\/diarioregionaldigital.com.br\/index.php?rest_route=%2Fwp%2Fv2%2Ftags&post=163499"}],"curies":[{"name":"wp","href":"https:\/\/api.w.org\/{rel}","templated":true}]}}