{"id":163497,"date":"2020-06-30T17:48:44","date_gmt":"2020-06-30T20:48:44","guid":{"rendered":"https:\/\/diarioregionaldigital.com.br\/?p=163497"},"modified":"2020-06-30T17:48:44","modified_gmt":"2020-06-30T20:48:44","slug":"adolescente-tenta-fugir-de-abordagem-e-bate-na-viatura-da-policia-militar","status":"publish","type":"post","link":"https:\/\/diarioregionaldigital.com.br\/?p=163497","title":{"rendered":"Adolescente tenta fugir de abordagem e bate na viatura da Pol\u00edcia Militar"},"content":{"rendered":"<p>Um adolescente de 16 anos, foi preso ap\u00f3s bater contra uma viatura da Pol\u00edcia Militar (PM), na noite de segunda-feira (29), na Rua Capit\u00e3o Bicalho, no Bairro Nossa Senhora Aparecida (Regi\u00e3o Leste) em Juiz de Fora. O menor infrator estava conduzindo uma motocicleta em alta velocidade, quando fugiu de uma abordagem policial. Ao realizar manobra inadequada, o mesmo colidiu contra a viatura que vinha do sentido oposto. O condutor caiu ao solo e teve ferimentos. Foi constatado que a motocicleta n\u00e3o possu\u00eda equipamentos obrigat\u00f3rios (retrovisores) , estava em mau estado de conserva\u00e7\u00e3o e com o lacre da placa partido.<\/p>\n<p>O adolescente foi preso em flagrante e conduzido para o Hospital Pronto Socorro (HPS) e logo em seguida encaminhado para a Delegacia. O respons\u00e1vel legal prontificou-se em pagar pelos danos na viatura e assinou termo de comprometimento.<\/p>\n","protected":false},"excerpt":{"rendered":"<p>Um adolescente de 16 anos, foi preso ap\u00f3s bater contra uma viatura da Pol\u00edcia Militar (PM), na noite de segunda-feira (29), na Rua Capit\u00e3o Bicalho, no Bairro Nossa Senhora Aparecida (Regi\u00e3o Leste) em Juiz de Fora. O menor infrator estava conduzindo uma motocicleta em alta velocidade, quando fugiu de uma abordagem policial. Ao realizar manobra [&hellip;]<\/p>\n","protected":false},"author":96,"featured_media":163194,"comment_status":"closed","ping_status":"closed","sticky":false,"template":"","format":"standard","meta":{"footnotes":""},"categories":[301,436,439],"tags":[],"class_list":["post-163497","post","type-post","status-publish","format-standard","has-post-thumbnail","hentry","category-artigos-policiais","category-destaque-da-semana","category-ultima-hora"],"_links":{"self":[{"href":"https:\/\/diarioregionaldigital.com.br\/index.php?rest_route=\/wp\/v2\/posts\/163497","targetHints":{"allow":["GET"]}}],"collection":[{"href":"https:\/\/diarioregionaldigital.com.br\/index.php?rest_route=\/wp\/v2\/posts"}],"about":[{"href":"https:\/\/diarioregionaldigital.com.br\/index.php?rest_route=\/wp\/v2\/types\/post"}],"author":[{"embeddable":true,"href":"https:\/\/diarioregionaldigital.com.br\/index.php?rest_route=\/wp\/v2\/users\/96"}],"replies":[{"embeddable":true,"href":"https:\/\/diarioregionaldigital.com.br\/index.php?rest_route=%2Fwp%2Fv2%2Fcomments&post=163497"}],"version-history":[{"count":0,"href":"https:\/\/diarioregionaldigital.com.br\/index.php?rest_route=\/wp\/v2\/posts\/163497\/revisions"}],"wp:featuredmedia":[{"embeddable":true,"href":"https:\/\/diarioregionaldigital.com.br\/index.php?rest_route=\/wp\/v2\/media\/163194"}],"wp:attachment":[{"href":"https:\/\/diarioregionaldigital.com.br\/index.php?rest_route=%2Fwp%2Fv2%2Fmedia&parent=163497"}],"wp:term":[{"taxonomy":"category","embeddable":true,"href":"https:\/\/diarioregionaldigital.com.br\/index.php?rest_route=%2Fwp%2Fv2%2Fcategories&post=163497"},{"taxonomy":"post_tag","embeddable":true,"href":"https:\/\/diarioregionaldigital.com.br\/index.php?rest_route=%2Fwp%2Fv2%2Ftags&post=163497"}],"curies":[{"name":"wp","href":"https:\/\/api.w.org\/{rel}","templated":true}]}}