{"id":163494,"date":"2020-06-30T17:39:16","date_gmt":"2020-06-30T20:39:16","guid":{"rendered":"https:\/\/diarioregionaldigital.com.br\/?p=163494"},"modified":"2020-06-30T17:39:16","modified_gmt":"2020-06-30T20:39:16","slug":"policia-civil-esclarece-homicidio-e-prende-foragido-da-justica-em-uba","status":"publish","type":"post","link":"https:\/\/diarioregionaldigital.com.br\/?p=163494","title":{"rendered":"Pol\u00edcia Civil esclarece homic\u00eddio e prende foragido da Justi\u00e7a em Ub\u00e1"},"content":{"rendered":"<p><span style=\"font-weight: 400;\">Nesta ter\u00e7a-feira (30), a Pol\u00edcia Civil de Minas Gerais prendeu um jovem de 20 anos, suspeito de ter assassinado o ex-companheiro da esposa dele, de 22 anos, no munic\u00edpio de Ub\u00e1, no Bairro Santana. O crime teria sido cometido no dia 29 de mar\u00e7o, no Bairro Santa Bernadete e, na ocasi\u00e3o, a ex-mulher da v\u00edtima, 18 anos, e o irm\u00e3o da jovem, de 25 anos, foram presos em flagrante, suspeitos de serem coautores do crime. O terceiro investigado se encontrava foragido da Justi\u00e7a.<\/span><\/p>\n<p><span style=\"font-weight: 400;\">A a\u00e7\u00e3o ocorreu, ap\u00f3s atua\u00e7\u00e3o de policiais civis da Delegacia de Homic\u00eddios da 2\u00ba Delegacia Regional de Ub\u00e1, com apoio de Investigadores da Delegacia Antidrogas e Intelig\u00eancia de Ub\u00e1. De acordo com informa\u00e7\u00f5es do Delegado Regional de Ub\u00e1, Di\u00eago Candian Alves, o homic\u00eddio teria sido praticado, em virtude de desaven\u00e7as relacionadas \u00e0 pens\u00e3o aliment\u00edcia. \u201c Sobretudo, por conta de uma d\u00edvida referente \u00e0 quantia de R$50, que seria o restante de uma pens\u00e3o aliment\u00edcia, no valor de R$150\u201d, informou.<\/span><\/p>\n<p><span style=\"font-weight: 400;\">Ainda conforme a autoridade policial, ele tamb\u00e9m \u00e9 suspeito de ser o mandante de um crime de furto qualificado, ocorrido em abril, na resid\u00eancia do genitor da v\u00edtima. \u201cSuspeitos teriam entrado no local, subtra\u00eddo bens particulares, e deixado uma mensagem de conte\u00fado amea\u00e7ador \u00e0 fam\u00edlia. Al\u00e9m disso, tamb\u00e9m h\u00e1 investiga\u00e7\u00f5es que apuram crime de coa\u00e7\u00e3o de testemunha no curso do processo\u201d, concluiu.<\/span><\/p>\n<p><span style=\"font-weight: 400;\">O homem ser\u00e1 conduzido \u00e0 unidade prisional, permanecendo \u00e0 disposi\u00e7\u00e3o da Justi\u00e7a.<\/span><\/p>\n<p><strong>Fonte:<\/strong> Assessoria<\/p>\n","protected":false},"excerpt":{"rendered":"<p>Nesta ter\u00e7a-feira (30), a Pol\u00edcia Civil de Minas Gerais prendeu um jovem de 20 anos, suspeito de ter assassinado o ex-companheiro da esposa dele, de 22 anos, no munic\u00edpio de Ub\u00e1, no Bairro Santana. O crime teria sido cometido no dia 29 de mar\u00e7o, no Bairro Santa Bernadete e, na ocasi\u00e3o, a ex-mulher da v\u00edtima, [&hellip;]<\/p>\n","protected":false},"author":96,"featured_media":163495,"comment_status":"closed","ping_status":"closed","sticky":false,"template":"","format":"standard","meta":{"footnotes":""},"categories":[301,436,439],"tags":[],"class_list":["post-163494","post","type-post","status-publish","format-standard","has-post-thumbnail","hentry","category-artigos-policiais","category-destaque-da-semana","category-ultima-hora"],"_links":{"self":[{"href":"https:\/\/diarioregionaldigital.com.br\/index.php?rest_route=\/wp\/v2\/posts\/163494","targetHints":{"allow":["GET"]}}],"collection":[{"href":"https:\/\/diarioregionaldigital.com.br\/index.php?rest_route=\/wp\/v2\/posts"}],"about":[{"href":"https:\/\/diarioregionaldigital.com.br\/index.php?rest_route=\/wp\/v2\/types\/post"}],"author":[{"embeddable":true,"href":"https:\/\/diarioregionaldigital.com.br\/index.php?rest_route=\/wp\/v2\/users\/96"}],"replies":[{"embeddable":true,"href":"https:\/\/diarioregionaldigital.com.br\/index.php?rest_route=%2Fwp%2Fv2%2Fcomments&post=163494"}],"version-history":[{"count":0,"href":"https:\/\/diarioregionaldigital.com.br\/index.php?rest_route=\/wp\/v2\/posts\/163494\/revisions"}],"wp:featuredmedia":[{"embeddable":true,"href":"https:\/\/diarioregionaldigital.com.br\/index.php?rest_route=\/wp\/v2\/media\/163495"}],"wp:attachment":[{"href":"https:\/\/diarioregionaldigital.com.br\/index.php?rest_route=%2Fwp%2Fv2%2Fmedia&parent=163494"}],"wp:term":[{"taxonomy":"category","embeddable":true,"href":"https:\/\/diarioregionaldigital.com.br\/index.php?rest_route=%2Fwp%2Fv2%2Fcategories&post=163494"},{"taxonomy":"post_tag","embeddable":true,"href":"https:\/\/diarioregionaldigital.com.br\/index.php?rest_route=%2Fwp%2Fv2%2Ftags&post=163494"}],"curies":[{"name":"wp","href":"https:\/\/api.w.org\/{rel}","templated":true}]}}