{"id":163491,"date":"2020-06-30T17:26:02","date_gmt":"2020-06-30T20:26:02","guid":{"rendered":"https:\/\/diarioregionaldigital.com.br\/?p=163491"},"modified":"2020-06-30T17:26:02","modified_gmt":"2020-06-30T20:26:02","slug":"programacao-on-line-do-esquenta-rainbow-da-ufjf-abrange-cerca-de-mil-espectadores-no-fim-de-semana","status":"publish","type":"post","link":"https:\/\/diarioregionaldigital.com.br\/?p=163491","title":{"rendered":"Programa\u00e7\u00e3o on-line do Esquenta Rainbow da UFJF abrange cerca de mil espectadores no fim de semana"},"content":{"rendered":"<p><span style=\"font-weight: 400;\">Nesse \u00faltimo fim de semana, foi realizada a programa\u00e7\u00e3o online do Esquenta Rainbow da Universidade Federal de Juiz de Fora (UFJF), na qual abrangeu cerca de mil espectadores. <\/span><span style=\"font-weight: 400;\">A programa\u00e7\u00e3o on-line, contou com apresenta\u00e7\u00f5es musicais e teatrais e uma roda de conversas, celebrou o Dia do Orgulho LGBTQIA+.<\/span><\/p>\n<p><span style=\"font-weight: 400;\">O projeto que movimentou as rede sociais, foi criado por alunos e alunas do curso de especializa\u00e7\u00e3o de Rela\u00e7\u00f5es de g\u00eanero e sexualidades: perspectivas interdisciplinares da UFJF. Conforme o coordenador do projeto, Marcelo do Carmo, a programa\u00e7\u00e3o feita nesse fim de semana, \u00e9 uma pr\u00e9via para as atividades oficiais da Semana Rainbow, que ser\u00e1 realizada de 10 a 16 de agosto:<\/span><\/p>\n<p><span style=\"font-weight: 400;\">\u201cNeste ano, o projeto repetiria os mesmos moldes das edi\u00e7\u00f5es anteriores, mas foi interrompido diante da crise causada pela pandemia. Nessa perspectiva, a equipe organizadora optou por manter o evento, mesmo com uma s\u00e9rie de limita\u00e7\u00f5es. O Esquenta, juntamente \u00e0s atividades que faremos em agosto, se prop\u00f5e a ouvir diversas vozes que comp\u00f5em a nossa comunidade.\u201d<\/span><\/p>\n<p><span style=\"font-weight: 400;\">Marcelo fala tamb\u00e9m sobre as atividades desenvolvidas em ambiente virtual e que essa inova\u00e7\u00e3o aponta para uma extens\u00e3o universit\u00e1ria reinventada e fala tamb\u00e9m que a divulga\u00e7\u00e3o dos editais com fotos e materiais audiovisuais, ajudam no fortalecimento da imagem da UFJF:<\/span><\/p>\n<p><span style=\"font-weight: 400;\">\u201cS\u00e3o mais uma possibilidade de amplia\u00e7\u00e3o da nossa rela\u00e7\u00e3o com o p\u00fablico, artistas e projetos. \u00c9 muito importante destacar que esse ano, por ser on-line e termos aberto para a sociedade civil, as propostas podem chegar de qualquer lugar, mesmo fora do Brasil. Isso \u00e9 fant\u00e1stico.\u201d<\/span><\/p>\n<p><b>Distribui\u00e7\u00e3o de kits<\/b><\/p>\n<p><span style=\"font-weight: 400;\">A organiza\u00e7\u00e3o da 4\u00aa Semana Rainbow distribuiu 200 kits montados a partir das contribui\u00e7\u00f5es com empresas parceiras do evento. Dentre os kits distribu\u00eddos, 51 foram sorteados pelo Sistema Integrado de Gest\u00e3o Acad\u00eamica (Siga) e o restante foi entregue para diversos segmentos.<\/span><\/p>\n<p><b>4\u00aa semana rainbow<\/b><\/p>\n<p><span style=\"font-weight: 400;\">Sob coordena\u00e7\u00e3o do do professor do Departamento de Turismo, Marcelo do Carmo Rodrigues, o evento tem como objetivo abordar a diversidade e conta com diversas atividades. A edi\u00e7\u00e3o deste ano ser\u00e1 realizada entre os dias 10 e 16 de agosto e o tema definido \u00e9 \u201cA comunidade LGBTTIQ+ no enfrentamento \u00e0 pandemia e ao contexto pol\u00edtico e social\u201d.<\/span><\/p>\n","protected":false},"excerpt":{"rendered":"<p>Nesse \u00faltimo fim de semana, foi realizada a programa\u00e7\u00e3o online do Esquenta Rainbow da Universidade Federal de Juiz de Fora (UFJF), na qual abrangeu cerca de mil espectadores. A programa\u00e7\u00e3o on-line, contou com apresenta\u00e7\u00f5es musicais e teatrais e uma roda de conversas, celebrou o Dia do Orgulho LGBTQIA+. O projeto que movimentou as rede sociais, [&hellip;]<\/p>\n","protected":false},"author":96,"featured_media":163492,"comment_status":"closed","ping_status":"closed","sticky":false,"template":"","format":"standard","meta":{"footnotes":""},"categories":[253,436,439],"tags":[],"class_list":["post-163491","post","type-post","status-publish","format-standard","has-post-thumbnail","hentry","category-cidade","category-destaque-da-semana","category-ultima-hora"],"_links":{"self":[{"href":"https:\/\/diarioregionaldigital.com.br\/index.php?rest_route=\/wp\/v2\/posts\/163491","targetHints":{"allow":["GET"]}}],"collection":[{"href":"https:\/\/diarioregionaldigital.com.br\/index.php?rest_route=\/wp\/v2\/posts"}],"about":[{"href":"https:\/\/diarioregionaldigital.com.br\/index.php?rest_route=\/wp\/v2\/types\/post"}],"author":[{"embeddable":true,"href":"https:\/\/diarioregionaldigital.com.br\/index.php?rest_route=\/wp\/v2\/users\/96"}],"replies":[{"embeddable":true,"href":"https:\/\/diarioregionaldigital.com.br\/index.php?rest_route=%2Fwp%2Fv2%2Fcomments&post=163491"}],"version-history":[{"count":0,"href":"https:\/\/diarioregionaldigital.com.br\/index.php?rest_route=\/wp\/v2\/posts\/163491\/revisions"}],"wp:featuredmedia":[{"embeddable":true,"href":"https:\/\/diarioregionaldigital.com.br\/index.php?rest_route=\/wp\/v2\/media\/163492"}],"wp:attachment":[{"href":"https:\/\/diarioregionaldigital.com.br\/index.php?rest_route=%2Fwp%2Fv2%2Fmedia&parent=163491"}],"wp:term":[{"taxonomy":"category","embeddable":true,"href":"https:\/\/diarioregionaldigital.com.br\/index.php?rest_route=%2Fwp%2Fv2%2Fcategories&post=163491"},{"taxonomy":"post_tag","embeddable":true,"href":"https:\/\/diarioregionaldigital.com.br\/index.php?rest_route=%2Fwp%2Fv2%2Ftags&post=163491"}],"curies":[{"name":"wp","href":"https:\/\/api.w.org\/{rel}","templated":true}]}}