{"id":163488,"date":"2020-06-30T16:58:50","date_gmt":"2020-06-30T19:58:50","guid":{"rendered":"https:\/\/diarioregionaldigital.com.br\/?p=163488"},"modified":"2020-06-30T16:58:50","modified_gmt":"2020-06-30T19:58:50","slug":"almas-participa-de-lancamento-de-projeto-para-testes-de-tratamento-da-covid-19-em-jf","status":"publish","type":"post","link":"https:\/\/diarioregionaldigital.com.br\/?p=163488","title":{"rendered":"Almas participa de lan\u00e7amento de projeto para testes de tratamento da Covid-19 em JF"},"content":{"rendered":"<p><span style=\"font-weight: 400;\">Ao lado do ministro de Ci\u00eancia, Tecnologia e Inova\u00e7\u00f5es, Marcos Pontes, e do secret\u00e1rio de Estado da Sa\u00fade, Carlos Eduardo Amaral, o prefeito Ant\u00f4nio Almas participou na manh\u00e3 desta ter\u00e7a-feira, 30, na UPA de Santa Luzia, do lan\u00e7amento do projeto \u201cSarita-2|#500 volunt\u00e1rios\u201d. A iniciativa, desenvolvida pelo do Minist\u00e9rio da Ci\u00eancia, Tecnologia, Inova\u00e7\u00e3o e Comunica\u00e7\u00f5es (MCTIC), visa sensibilizar e preparar os volunt\u00e1rios que queiram participar de testes cl\u00ednicos utilizando a subst\u00e2ncia nitazoxanida, princ\u00edpio ativo do Annita, que se mostrou com uma efici\u00eancia de 94% na inibi\u00e7\u00e3o de carga viral em c\u00e9lulas (testes in vitro). O estudo pretende verificar os efeitos do uso precoce da medica\u00e7\u00e3o em pacientes de Covid-19 (coronav\u00edrus) com sintomas gripais.<\/span><\/p>\n<p><span style=\"font-weight: 400;\">\u201c\u00c9 uma satisfa\u00e7\u00e3o ver este passo sendo dado em Juiz de Fora. Um projeto baseado na ci\u00eancia para dar respostas efetivas. Precisamos pesquisar se a droga \u00e9 eficiente ou n\u00e3o. Aproveito a oportunidade para agradecer a parceria do Hospital Maternidade Terezinha de Jesus que administra a UPA de Santa Luzia. Que o SUS n\u00e3o seja apenas assistencial, mas que ele produza conhecimento cient\u00edfico para que a gente possa sair dos achismos e chegarmos ao que mais desejamos: a constru\u00e7\u00e3o de ci\u00eancia de alta qualidade\u201d, afirmou Almas.<\/span><\/p>\n<p><span style=\"font-weight: 400;\">Por meio do atendimento na UPA Santa Luzia, o Hospital Maternidade Terezinha de Jesus (HMTJ) busca ajudar a captar 500 volunt\u00e1rios para desenvolvimento de terapia cl\u00ednica para enfrentamento da Covid-19. Uma estrutura foi montada na UPA Santa Luzia, sob coordena\u00e7\u00e3o do Infectologista Marcos Moura. Os volunt\u00e1rios ser\u00e3o plenamente informados de sua participa\u00e7\u00e3o, e em que condi\u00e7\u00f5es cl\u00ednicas se encaixam na pesquisa.<\/span><\/p>\n<p><span style=\"font-weight: 400;\">Juiz de Fora \u00e9 a segunda cidade do pa\u00eds a participar da iniciativa, coordenada pela Universidade Federal do Rio de Janeiro (UFRJ). O HMTJ foi escolhido pelo MCTIC, atendendo \u00e0s condi\u00e7\u00f5es necess\u00e1rias ao projeto, e disponibilizou equipe para as a\u00e7\u00f5es, iniciadas na semana passada como teste piloto. Os trabalhos ser\u00e3o realizados durante cinco semanas.<\/span><\/p>\n<p><span style=\"font-weight: 400;\">O ministro Marcos Pontes informou que os estudos com a nitazoxanida foram iniciados em fevereiro deste ano. \u201cAt\u00e9 chegar aos ensaios cl\u00ednicos, de forma cient\u00edfica e estrutura e com pesquisas de \u00f3rg\u00e3os como Laborat\u00f3rio Nacional de Bioci\u00eancia (LNBio), a nitazoxanida se demonstrou muito eficiente na redu\u00e7\u00e3o da carga viral em 94% in vitro. Mas isso n\u00e3o quer dizer que ela funcione em 100% nos seres humanos. Por isso que \u00e9 importante ter estes ensaios cl\u00ednicos para que possamos comprovar, sem nenhuma d\u00favida, que esta droga \u00e9 efetiva. A nitazoxanida \u00e9 uma medica\u00e7\u00e3o simples, utilizada, inclusive, para tratamentos pedi\u00e1tricos e n\u00e3o tem efeitos colaterais\u201d, garantiu Pontes.<\/span><\/p>\n<p><span style=\"font-weight: 400;\">Segundo o ministro, os volunt\u00e1rios interessados em participar da pesquisa, devem comparecer \u00e0 UPA Santa Luzia e se inscreverem. A partir da\u00ed, ser\u00e3o feitos alguns exames simples como medi\u00e7\u00e3o de press\u00e3o, de oxigena\u00e7\u00e3o, temperatura e teste Swab (cotonete est\u00e9ril que serve para coleta de exames microbiol\u00f3gicos). O resultado \u00e9 verificado e s\u00e3o feitos outros testes para medi\u00e7\u00e3o da carga viral. Uma vez confirmado positivo para Covid-19, ele recebe a medica\u00e7\u00e3o para in\u00edcio do tratamento at\u00e9 o terceiro dia da primeira avalia\u00e7\u00e3o. O paciente toma a medica\u00e7\u00e3o em casa e retorna no quinto dia de tratamento, quando faz nova bateria de exames. Neste prazo, ele tem o suporte assistencial por parte da UPA com orienta\u00e7\u00e3o e acompanhamento m\u00e9dico.<\/span><\/p>\n<p><strong>Fonte:<\/strong> Assessoria<\/p>\n","protected":false},"excerpt":{"rendered":"<p>Ao lado do ministro de Ci\u00eancia, Tecnologia e Inova\u00e7\u00f5es, Marcos Pontes, e do secret\u00e1rio de Estado da Sa\u00fade, Carlos Eduardo Amaral, o prefeito Ant\u00f4nio Almas participou na manh\u00e3 desta ter\u00e7a-feira, 30, na UPA de Santa Luzia, do lan\u00e7amento do projeto \u201cSarita-2|#500 volunt\u00e1rios\u201d. A iniciativa, desenvolvida pelo do Minist\u00e9rio da Ci\u00eancia, Tecnologia, Inova\u00e7\u00e3o e Comunica\u00e7\u00f5es (MCTIC), [&hellip;]<\/p>\n","protected":false},"author":96,"featured_media":163489,"comment_status":"closed","ping_status":"closed","sticky":false,"template":"","format":"standard","meta":{"footnotes":""},"categories":[253,436,440,439],"tags":[],"class_list":["post-163488","post","type-post","status-publish","format-standard","has-post-thumbnail","hentry","category-cidade","category-destaque-da-semana","category-destaques-do-dia","category-ultima-hora"],"_links":{"self":[{"href":"https:\/\/diarioregionaldigital.com.br\/index.php?rest_route=\/wp\/v2\/posts\/163488","targetHints":{"allow":["GET"]}}],"collection":[{"href":"https:\/\/diarioregionaldigital.com.br\/index.php?rest_route=\/wp\/v2\/posts"}],"about":[{"href":"https:\/\/diarioregionaldigital.com.br\/index.php?rest_route=\/wp\/v2\/types\/post"}],"author":[{"embeddable":true,"href":"https:\/\/diarioregionaldigital.com.br\/index.php?rest_route=\/wp\/v2\/users\/96"}],"replies":[{"embeddable":true,"href":"https:\/\/diarioregionaldigital.com.br\/index.php?rest_route=%2Fwp%2Fv2%2Fcomments&post=163488"}],"version-history":[{"count":0,"href":"https:\/\/diarioregionaldigital.com.br\/index.php?rest_route=\/wp\/v2\/posts\/163488\/revisions"}],"wp:featuredmedia":[{"embeddable":true,"href":"https:\/\/diarioregionaldigital.com.br\/index.php?rest_route=\/wp\/v2\/media\/163489"}],"wp:attachment":[{"href":"https:\/\/diarioregionaldigital.com.br\/index.php?rest_route=%2Fwp%2Fv2%2Fmedia&parent=163488"}],"wp:term":[{"taxonomy":"category","embeddable":true,"href":"https:\/\/diarioregionaldigital.com.br\/index.php?rest_route=%2Fwp%2Fv2%2Fcategories&post=163488"},{"taxonomy":"post_tag","embeddable":true,"href":"https:\/\/diarioregionaldigital.com.br\/index.php?rest_route=%2Fwp%2Fv2%2Ftags&post=163488"}],"curies":[{"name":"wp","href":"https:\/\/api.w.org\/{rel}","templated":true}]}}