{"id":163485,"date":"2020-06-30T16:54:54","date_gmt":"2020-06-30T19:54:54","guid":{"rendered":"https:\/\/diarioregionaldigital.com.br\/?p=163485"},"modified":"2020-06-30T16:54:54","modified_gmt":"2020-06-30T19:54:54","slug":"laboratorio-da-unimontes-esta-apto-para-diagnosticos-de-covid-19","status":"publish","type":"post","link":"https:\/\/diarioregionaldigital.com.br\/?p=163485","title":{"rendered":"Laborat\u00f3rio da Unimontes est\u00e1 apto para diagn\u00f3sticos de covid-19"},"content":{"rendered":"<p>O Laborat\u00f3rio de Pesquisa em Sa\u00fade (LPS), do Hospital Universit\u00e1rio Clemente de Faria (HUCF) da\u00a0Universidade Estadual de Montes Claros (Unimontes), est\u00e1 definitivamente pronto para realiza\u00e7\u00e3o dos diagn\u00f3sticos do coronav\u00edrus. A \u00faltima etapa de conformidade para in\u00edcio dos testes foi cumprida e oficializada pela\u00a0Funda\u00e7\u00e3o Ezequiel Dias (Funed), que emitiu parecer formal de concord\u00e2ncia com os resultados obtidos pelo LPS de amostras anteriormente j\u00e1 validadas pela pr\u00f3pria Funed.<\/p>\n<p>Para alinhamento dos padr\u00f5es de diagn\u00f3stico, foi preciso que a equipe da Unimontes testasse os mesmos materiais j\u00e1 analisados pela funda\u00e7\u00e3o. Os dados gerados pelos diagn\u00f3sticos positivos e negativos para a covid-19 realizados pela equipe do Laborat\u00f3rio da Unimontes apontam 100% de concord\u00e2ncia, quando comparados com os resultados do Servi\u00e7o de Virologia e Riquetsioses (Divis\u00e3o de Epidemiologia e Controle de Doen\u00e7as) e do Laborat\u00f3rio de Sa\u00fade P\u00fablica de Minas Gerais (Lacen) \u2013 vinculados \u00e0 Funda\u00e7\u00e3o Ezequiel Dias.<\/p>\n<p><strong>Testagem<\/strong><\/p>\n<p>Coordenador do laborat\u00f3rio, o professor Andr\u00e9 Luiz\u00a0Guimar\u00e3es explica que o quantitativo de testes\/dia ser\u00e1 estabelecido pela demanda a ser apresentada pela Superintend\u00eancia Regional de Sa\u00fade (SRS). Sobre a divulga\u00e7\u00e3o dos resultados, h\u00e1 um sistema unificado (Gerenciador de Ambiente Laboratorial\/GAL) para o compartilhamento entre as autoridades sanit\u00e1rias.<\/p>\n<p><strong>Credenciamento<\/strong><\/p>\n<p>Diante do cen\u00e1rio de pandemia e do aumento da demanda para testes em outras regi\u00f5es do estado, al\u00e9m da sede da Funed em Belo Horizonte, o\u00a0Governo de Minas\u00a0abriu procedimento t\u00e9cnico para o credenciamento de laborat\u00f3rios p\u00fablicos e privados para mais diagn\u00f3sticos da covid-19.<\/p>\n<p>Em abril, o LPS\/HUCF-Unimontes foi uma das 13 unidades credenciadas para a realiza\u00e7\u00e3o, em car\u00e1ter emergencial, dos testes. A partir da\u00ed, foi preciso investir na aquisi\u00e7\u00e3o de equipamentos e de insumos, al\u00e9m da capacita\u00e7\u00e3o de pessoal, para cumprir os padr\u00f5es dos exames.<\/p>\n<p><strong>Fonte:\u00a0<\/strong>Ag\u00eancia Minas<\/p>\n","protected":false},"excerpt":{"rendered":"<p>O Laborat\u00f3rio de Pesquisa em Sa\u00fade (LPS), do Hospital Universit\u00e1rio Clemente de Faria (HUCF) da\u00a0Universidade Estadual de Montes Claros (Unimontes), est\u00e1 definitivamente pronto para realiza\u00e7\u00e3o dos diagn\u00f3sticos do coronav\u00edrus. A \u00faltima etapa de conformidade para in\u00edcio dos testes foi cumprida e oficializada pela\u00a0Funda\u00e7\u00e3o Ezequiel Dias (Funed), que emitiu parecer formal de concord\u00e2ncia com os resultados [&hellip;]<\/p>\n","protected":false},"author":96,"featured_media":163486,"comment_status":"closed","ping_status":"closed","sticky":false,"template":"","format":"standard","meta":{"footnotes":""},"categories":[436,254,439],"tags":[],"class_list":["post-163485","post","type-post","status-publish","format-standard","has-post-thumbnail","hentry","category-destaque-da-semana","category-politica","category-ultima-hora"],"_links":{"self":[{"href":"https:\/\/diarioregionaldigital.com.br\/index.php?rest_route=\/wp\/v2\/posts\/163485","targetHints":{"allow":["GET"]}}],"collection":[{"href":"https:\/\/diarioregionaldigital.com.br\/index.php?rest_route=\/wp\/v2\/posts"}],"about":[{"href":"https:\/\/diarioregionaldigital.com.br\/index.php?rest_route=\/wp\/v2\/types\/post"}],"author":[{"embeddable":true,"href":"https:\/\/diarioregionaldigital.com.br\/index.php?rest_route=\/wp\/v2\/users\/96"}],"replies":[{"embeddable":true,"href":"https:\/\/diarioregionaldigital.com.br\/index.php?rest_route=%2Fwp%2Fv2%2Fcomments&post=163485"}],"version-history":[{"count":0,"href":"https:\/\/diarioregionaldigital.com.br\/index.php?rest_route=\/wp\/v2\/posts\/163485\/revisions"}],"wp:featuredmedia":[{"embeddable":true,"href":"https:\/\/diarioregionaldigital.com.br\/index.php?rest_route=\/wp\/v2\/media\/163486"}],"wp:attachment":[{"href":"https:\/\/diarioregionaldigital.com.br\/index.php?rest_route=%2Fwp%2Fv2%2Fmedia&parent=163485"}],"wp:term":[{"taxonomy":"category","embeddable":true,"href":"https:\/\/diarioregionaldigital.com.br\/index.php?rest_route=%2Fwp%2Fv2%2Fcategories&post=163485"},{"taxonomy":"post_tag","embeddable":true,"href":"https:\/\/diarioregionaldigital.com.br\/index.php?rest_route=%2Fwp%2Fv2%2Ftags&post=163485"}],"curies":[{"name":"wp","href":"https:\/\/api.w.org\/{rel}","templated":true}]}}