{"id":163482,"date":"2020-06-30T16:52:46","date_gmt":"2020-06-30T19:52:46","guid":{"rendered":"https:\/\/diarioregionaldigital.com.br\/?p=163482"},"modified":"2020-06-30T16:52:46","modified_gmt":"2020-06-30T19:52:46","slug":"protocolos-sanitarios-do-minas-consciente-contribuem-para-evitar-lockdown","status":"publish","type":"post","link":"https:\/\/diarioregionaldigital.com.br\/?p=163482","title":{"rendered":"Protocolos sanit\u00e1rios do Minas Consciente contribuem para evitar lockdown"},"content":{"rendered":"<p>Durante coletiva virtual nesta ter\u00e7a-feira (30\/6), o chefe de gabinete da\u00a0Secretaria de Estado de Sa\u00fade de Minas Gerais (SES-MG), Jo\u00e3o Pinho, refor\u00e7ou a import\u00e2ncia do\u00a0plano Minas Consciente\u00a0e do isolamento social para o controle da pandemia de coronav\u00edrus.<\/p>\n<p>Lan\u00e7ado em abril, o Minas Consciente se baseia em dados t\u00e9cnico-cient\u00edficos para elaborar um conjunto de protocolos, visando \u00e0 retomada segura e respons\u00e1vel das atividades econ\u00f4micas.\u00a0Atualmente,\u00a0165 munic\u00edpios aderiram ao plano, o que representa cerca de 4 milh\u00f5es de habitantes inclu\u00eddos nos protocolos.<\/p>\n<p>Segundo Jo\u00e3o Pinho, para entender o impacto dessa pandemia nas rela\u00e7\u00f5es econ\u00f4micas, o\u00a0Governo de Minas\u00a0elaborou protocolos, coordenados com os munic\u00edpios, para o acompanhamento e tomada de decis\u00e3o.<\/p>\n<p>\u201cO plano completou dois meses na data de ontem (29\/6) e busca coordenar, dentro do poss\u00edvel, tanto as atitudes dos munic\u00edpios quanto essa dualidade entre economia e sa\u00fade. O acompanhamento \u00e9 di\u00e1rio e, pelo\u00a0Minas Consciente, damos sinaliza\u00e7\u00f5es claras do que est\u00e1 acontecendo e de que o isolamento \u00e9 a melhor medida de preven\u00e7\u00e3o, no momento\u201d, diz.<\/p>\n<p>Sobre a restri\u00e7\u00e3o de circula\u00e7\u00e3o de pessoas e de funcionamento de atividades, como um lockdown, Jo\u00e3o Pinho\u00a0refor\u00e7ou que a medida poder\u00e1 ser realizada em localidades espec\u00edficas, em caso de indicadores de descontrole da doen\u00e7a.<\/p>\n<p>\u201cEstamos conversando com prefeitos e secret\u00e1rios tentando auxili\u00e1-los. Os protocolos para a eventualidade de lockdown j\u00e1 foram delineados e,\u00a0agora, passam por ajustes. Destaco a import\u00e2ncia da ades\u00e3o ao plano\u00a0Minas Consciente, de forma que as medidas de isolamento sejam coordenadas e possam seguir um padr\u00e3o de conduta.\u00a0Devemos lembrar que o isolamento adequado, dentro de par\u00e2metros como os previstos no Minas Consciente, evita o lockdown\u201d, avalia.<\/p>\n<p><b>Visitas<\/b><\/p>\n<p>Com objetivo de proporcionar mais conforto \u00e0s pessoas internadas em unidades hospitalares\u00a0com covid-19, foi publicada no\u00a0Di\u00e1rio Oficial Minas Gerais, no \u00faltimo s\u00e1bado, a Lei n\u00ba 23.667, que\u00a0autoriza visitas presenciais aos pacientes.<\/p>\n<p>De acordo com Jo\u00e3o Pinho, quando uma lei \u00e9 promulgada pode haver um per\u00edodo at\u00e9 que a sociedade se adapte \u00e0 nova regra.\u00a0\u201cVai caber aos gestores dos hospitais fazerem o planejamento de como realizar essas visitas, observando todos os protocolos pertinentes, sanit\u00e1rios e de sa\u00fade. Eventuais descumprimentos da lei devem ser encaminhados ao Conselho Estadual de Sa\u00fade para apura\u00e7\u00e3o\u201d, alerta.<\/p>\n<p><b>Transporte de pacientes<\/b><\/p>\n<p>Jo\u00e3o Pinho refor\u00e7ou, ainda, que a transfer\u00eancia de pacientes de outros munic\u00edpios para interna\u00e7\u00e3o em Belo Horizonte j\u00e1 faz parte das pol\u00edticas de sa\u00fade do Estado.<\/p>\n<p>\u201cJ\u00e1 \u00e9 convencional em Minas o transporte de pacientes. E, desde o in\u00edcio do enfrentamento da pandemia, desenvolvemos planos de conting\u00eancias macrorregionais, que organizam a rede em prioridade, os hospitais de refer\u00eancia e, a partir disso, identificamos quais a\u00e7\u00f5es ser\u00e3o realizadas caso um paciente necessite de transporte\u00a0para um atendimento ambulatorial, de interna\u00e7\u00e3o ou at\u00e9 mesmo de uma UTI\u201d, esclarece.<\/p>\n<p>Ainda de acordo com Pinho, o Estado tem a\u00e7\u00f5es que permitem a realiza\u00e7\u00e3o desses transportes. \u201cTemos uma parceria com o\u00a0Corpo de Bombeiros\u00a0e\u00a0Pol\u00edcia Militar, tanto para transporte terrestre, quanto a\u00e9reo. Temos, tamb\u00e9m, a possibilidade de contrata\u00e7\u00e3o de um sistema de resguardo para que o paciente seja assistido e a transfer\u00eancia realizada\u201d, complementa.<\/p>\n<p><strong>Fonte:\u00a0<\/strong>Ag\u00eancia Minas<\/p>\n","protected":false},"excerpt":{"rendered":"<p>Durante coletiva virtual nesta ter\u00e7a-feira (30\/6), o chefe de gabinete da\u00a0Secretaria de Estado de Sa\u00fade de Minas Gerais (SES-MG), Jo\u00e3o Pinho, refor\u00e7ou a import\u00e2ncia do\u00a0plano Minas Consciente\u00a0e do isolamento social para o controle da pandemia de coronav\u00edrus. Lan\u00e7ado em abril, o Minas Consciente se baseia em dados t\u00e9cnico-cient\u00edficos para elaborar um conjunto de protocolos, visando [&hellip;]<\/p>\n","protected":false},"author":96,"featured_media":163483,"comment_status":"closed","ping_status":"closed","sticky":false,"template":"","format":"standard","meta":{"footnotes":""},"categories":[436,440,254,439],"tags":[],"class_list":["post-163482","post","type-post","status-publish","format-standard","has-post-thumbnail","hentry","category-destaque-da-semana","category-destaques-do-dia","category-politica","category-ultima-hora"],"_links":{"self":[{"href":"https:\/\/diarioregionaldigital.com.br\/index.php?rest_route=\/wp\/v2\/posts\/163482","targetHints":{"allow":["GET"]}}],"collection":[{"href":"https:\/\/diarioregionaldigital.com.br\/index.php?rest_route=\/wp\/v2\/posts"}],"about":[{"href":"https:\/\/diarioregionaldigital.com.br\/index.php?rest_route=\/wp\/v2\/types\/post"}],"author":[{"embeddable":true,"href":"https:\/\/diarioregionaldigital.com.br\/index.php?rest_route=\/wp\/v2\/users\/96"}],"replies":[{"embeddable":true,"href":"https:\/\/diarioregionaldigital.com.br\/index.php?rest_route=%2Fwp%2Fv2%2Fcomments&post=163482"}],"version-history":[{"count":0,"href":"https:\/\/diarioregionaldigital.com.br\/index.php?rest_route=\/wp\/v2\/posts\/163482\/revisions"}],"wp:featuredmedia":[{"embeddable":true,"href":"https:\/\/diarioregionaldigital.com.br\/index.php?rest_route=\/wp\/v2\/media\/163483"}],"wp:attachment":[{"href":"https:\/\/diarioregionaldigital.com.br\/index.php?rest_route=%2Fwp%2Fv2%2Fmedia&parent=163482"}],"wp:term":[{"taxonomy":"category","embeddable":true,"href":"https:\/\/diarioregionaldigital.com.br\/index.php?rest_route=%2Fwp%2Fv2%2Fcategories&post=163482"},{"taxonomy":"post_tag","embeddable":true,"href":"https:\/\/diarioregionaldigital.com.br\/index.php?rest_route=%2Fwp%2Fv2%2Ftags&post=163482"}],"curies":[{"name":"wp","href":"https:\/\/api.w.org\/{rel}","templated":true}]}}