{"id":163479,"date":"2020-06-30T16:50:18","date_gmt":"2020-06-30T19:50:18","guid":{"rendered":"https:\/\/diarioregionaldigital.com.br\/?p=163479"},"modified":"2020-06-30T16:50:18","modified_gmt":"2020-06-30T19:50:18","slug":"projeto-que-caracteriza-celebracoes-religiosas-como-essenciais-e-aprovado-na-camara","status":"publish","type":"post","link":"https:\/\/diarioregionaldigital.com.br\/?p=163479","title":{"rendered":"Projeto que caracteriza celebra\u00e7\u00f5es religiosas como essenciais \u00e9 aprovado na C\u00e2mara"},"content":{"rendered":"<p><span style=\"font-weight: 400;\">O projeto de lei (PL) que disp\u00f5e sobre a caracteriza\u00e7\u00e3o de celebra\u00e7\u00f5es religiosas como atividades essenciais foi aprovado em primeira discuss\u00e3o na reuni\u00e3o de segunda-feira (29), a primeira em delibera\u00e7\u00e3o remota da C\u00e2mara de Juiz de Fora. De autoria do vereador Andr\u00e9 Mariano (PSL), o PL prev\u00ea que celebra\u00e7\u00f5es religiosas sejam mantidas durante estados de emerg\u00eancia ou calamidade p\u00fablica, sem distin\u00e7\u00e3o de credo.\u00a0<\/span><\/p>\n<p><span style=\"font-weight: 400;\">&#8220;Sei que Juiz de Fora reconhece que a quest\u00e3o da f\u00e9 \u00e9 importante, mais do que essencial em momentos dif\u00edceis como este que estamos vivendo e essa \u00e9 a ess\u00eancia do projeto. N\u00e3o resta d\u00favida sobre o fato de que haver\u00e1 todos os cuidados com isolamento&#8221;, destacou Mariano, observando tamb\u00e9m que as igrejas atendem as comunidades para aconselhamentos, al\u00e9m de distribuirem cestas b\u00e1sicas, entre outras atividades.\u00a0<\/span><\/p>\n<p><span style=\"font-weight: 400;\">O autor solicita na justificativa que sejam retomadas as celebra\u00e7\u00f5es religiosas, respeitando os protocolos e diretrizes do Programa Minas Consciente, &#8220;que aborda a retomada gradual, progressiva e regionalizada, embasada em crit\u00e9rios e dados epidemiol\u00f3gicos, a partir de um monitoramento constante da situa\u00e7\u00e3o pand\u00eamica&#8221;, ressaltando tamb\u00e9m que esses protocolos s\u00e3o organizados em orienta\u00e7\u00f5es b\u00e1sicas, comuns a todos. Caber\u00e1 ao chefe do Executivo estabelecer regras para garantir a seguran\u00e7a no exerc\u00edcio das atividades essenciais, entre elas as celebra\u00e7\u00f5es, sejam dentro ou fora dos templos religiosos.\u00a0<\/span><\/p>\n<p><strong>Fonte:<\/strong> Assessoria<\/p>\n","protected":false},"excerpt":{"rendered":"<p>O projeto de lei (PL) que disp\u00f5e sobre a caracteriza\u00e7\u00e3o de celebra\u00e7\u00f5es religiosas como atividades essenciais foi aprovado em primeira discuss\u00e3o na reuni\u00e3o de segunda-feira (29), a primeira em delibera\u00e7\u00e3o remota da C\u00e2mara de Juiz de Fora. De autoria do vereador Andr\u00e9 Mariano (PSL), o PL prev\u00ea que celebra\u00e7\u00f5es religiosas sejam mantidas durante estados de [&hellip;]<\/p>\n","protected":false},"author":96,"featured_media":163480,"comment_status":"closed","ping_status":"closed","sticky":false,"template":"","format":"standard","meta":{"footnotes":""},"categories":[436,440,254,439],"tags":[],"class_list":["post-163479","post","type-post","status-publish","format-standard","has-post-thumbnail","hentry","category-destaque-da-semana","category-destaques-do-dia","category-politica","category-ultima-hora"],"_links":{"self":[{"href":"https:\/\/diarioregionaldigital.com.br\/index.php?rest_route=\/wp\/v2\/posts\/163479","targetHints":{"allow":["GET"]}}],"collection":[{"href":"https:\/\/diarioregionaldigital.com.br\/index.php?rest_route=\/wp\/v2\/posts"}],"about":[{"href":"https:\/\/diarioregionaldigital.com.br\/index.php?rest_route=\/wp\/v2\/types\/post"}],"author":[{"embeddable":true,"href":"https:\/\/diarioregionaldigital.com.br\/index.php?rest_route=\/wp\/v2\/users\/96"}],"replies":[{"embeddable":true,"href":"https:\/\/diarioregionaldigital.com.br\/index.php?rest_route=%2Fwp%2Fv2%2Fcomments&post=163479"}],"version-history":[{"count":0,"href":"https:\/\/diarioregionaldigital.com.br\/index.php?rest_route=\/wp\/v2\/posts\/163479\/revisions"}],"wp:featuredmedia":[{"embeddable":true,"href":"https:\/\/diarioregionaldigital.com.br\/index.php?rest_route=\/wp\/v2\/media\/163480"}],"wp:attachment":[{"href":"https:\/\/diarioregionaldigital.com.br\/index.php?rest_route=%2Fwp%2Fv2%2Fmedia&parent=163479"}],"wp:term":[{"taxonomy":"category","embeddable":true,"href":"https:\/\/diarioregionaldigital.com.br\/index.php?rest_route=%2Fwp%2Fv2%2Fcategories&post=163479"},{"taxonomy":"post_tag","embeddable":true,"href":"https:\/\/diarioregionaldigital.com.br\/index.php?rest_route=%2Fwp%2Fv2%2Ftags&post=163479"}],"curies":[{"name":"wp","href":"https:\/\/api.w.org\/{rel}","templated":true}]}}