{"id":163476,"date":"2020-06-30T15:56:29","date_gmt":"2020-06-30T18:56:29","guid":{"rendered":"https:\/\/diarioregionaldigital.com.br\/?p=163476"},"modified":"2020-06-30T15:56:29","modified_gmt":"2020-06-30T18:56:29","slug":"projeto-do-museu-apresenta-livro-com-ilustracoes-botanicas-do-seculo-19","status":"publish","type":"post","link":"https:\/\/diarioregionaldigital.com.br\/?p=163476","title":{"rendered":"Projeto do Museu apresenta livro com ilustra\u00e7\u00f5es bot\u00e2nicas do s\u00e9culo 19"},"content":{"rendered":"<p><span style=\"font-weight: 400;\">Para esta edi\u00e7\u00e3o do projeto &#8220;A Pe\u00e7a da Semana&#8221;, do Museu \u201cMariano Proc\u00f3pio\u201d, foi selecionado item do acervo da biblioteca, um dos valiosos espa\u00e7os de mem\u00f3ria da institui\u00e7\u00e3o, e que guarda publica\u00e7\u00f5es de diferentes \u00e9pocas. Assim como outros setores, \u00e9 procurada para pesquisas acad\u00eamicas, como trabalhos de conclus\u00e3o de curso, mestrados e doutorados em variados temas. Algumas ilustra\u00e7\u00f5es do livro ser\u00e3o publicadas nas redes sociais do Museu.<\/span><\/p>\n<p><span style=\"font-weight: 400;\">Dentro dessa luxuosa encaderna\u00e7\u00e3o, ornamentada com madrep\u00e9rola, metal, couro e madeira, h\u00e1 compilado de 18 n\u00fameros (organizados em tr\u00eas volumes) de raro peri\u00f3dico de bot\u00e2nica, publicado na Inglaterra entre 1857 e 1864. Intitulado \u201cThe Ilustrated Bouquet, Consisting of Figures With Descriptions of new Flowers\u201d (\u201cO Buqu\u00ea Ilustrado, Composto por Figuras com Descri\u00e7\u00f5es de Novas Flores\u201d, na tradu\u00e7\u00e3o literal) o peri\u00f3dico \u00e9 composto de diversas descri\u00e7\u00f5es de flores, acompanhadas de suas respectivas ilustra\u00e7\u00f5es coloridas, pintadas por artistas especializados em bot\u00e2nica, como James Andrews (1801-1876) e Charlotte Caroline Sowerby (1820-1865).<\/span><\/p>\n<p><span style=\"font-weight: 400;\">O primeiro volume foi dedicado pelos bot\u00e2nicos ingleses Edward George Henderson (1782-1876) e Andrew Hendersen (1823 \u2013 1906) \u00e0 Princesa Mary (1833-1897), de Cambridge, \u00e0 qual se dirigiam como \u201cobedientes e humildes servos\u201d. Na dedicat\u00f3ria, em ingl\u00eas, ambos homenagem Sua Alteza Real com a referida publica\u00e7\u00e3o, por conta de seus \u201cilustrados\u201d e \u201crefinados gostos\u201d e afei\u00e7\u00e3o demonstrada pelas flores.<\/span><\/p>\n<p><span style=\"font-weight: 400;\">A ilustra\u00e7\u00e3o bot\u00e2nica, ao mesmo tempo em que cumpria uma finalidade cient\u00edfica, voltada para a cataloga\u00e7\u00e3o de variadas esp\u00e9cies existentes na natureza, tamb\u00e9m nutria os desejos est\u00e9ticos e art\u00edsticos voltados para o ex\u00f3tico e a natureza. A encaderna\u00e7\u00e3o de peri\u00f3dicos, por sua vez, era pr\u00e1tica recorrente entre as elites desse contexto, ultrapassando o sentido utilit\u00e1rio da organiza\u00e7\u00e3o dos volumes de uma cole\u00e7\u00e3o. Muitas vezes feita sob encomenda, a encaderna\u00e7\u00e3o personalizava a pe\u00e7a, seguindo os gostos e capital social\/econ\u00f4mico de seu propriet\u00e1rio. Se a posse de um livro ou peri\u00f3dico era, por si s\u00f3, s\u00edmbolo de distin\u00e7\u00e3o social e status, a confec\u00e7\u00e3o de uma encaderna\u00e7\u00e3o de luxo, como essa, expressava requinte, sofistica\u00e7\u00e3o e refinamento. Nesse sentido, pode-se dizer que o livro tamb\u00e9m era ostentado como artigo de luxo e exibido publicamente como verdadeira joia.<\/span><\/p>\n<p><span style=\"font-weight: 400;\">A se\u00e7\u00e3o de obras especiais da Biblioteca do Museu \u201cMariano Proc\u00f3pio\u201d conta com outros exemplares dotados de encaderna\u00e7\u00e3o de luxo, que chamam aten\u00e7\u00e3o por suas peculiaridades est\u00e9ticas, extrapolando o conte\u00fado como valor em si mesmo. Assim, \u00e9 poss\u00edvel n\u00e3o apenas refletir sobre a hist\u00f3ria do livro, sua materialidade e seus usos sociais, mas tamb\u00e9m a rela\u00e7\u00e3o entre sujeito e objeto. As ornamenta\u00e7\u00f5es n\u00e3o deixam de entrever, em certa medida, o esfor\u00e7o de autorrepresenta\u00e7\u00e3o do sujeito atrav\u00e9s dos itens de sua cole\u00e7\u00e3o, al\u00e9m, \u00e9 claro, de expressar a preocupa\u00e7\u00e3o em perpetuar suas mem\u00f3rias.<\/span><\/p>\n<p><strong>Fonte:<\/strong> Assessoria<\/p>\n","protected":false},"excerpt":{"rendered":"<p>Para esta edi\u00e7\u00e3o do projeto &#8220;A Pe\u00e7a da Semana&#8221;, do Museu \u201cMariano Proc\u00f3pio\u201d, foi selecionado item do acervo da biblioteca, um dos valiosos espa\u00e7os de mem\u00f3ria da institui\u00e7\u00e3o, e que guarda publica\u00e7\u00f5es de diferentes \u00e9pocas. Assim como outros setores, \u00e9 procurada para pesquisas acad\u00eamicas, como trabalhos de conclus\u00e3o de curso, mestrados e doutorados em variados [&hellip;]<\/p>\n","protected":false},"author":96,"featured_media":163477,"comment_status":"closed","ping_status":"closed","sticky":false,"template":"","format":"standard","meta":{"footnotes":""},"categories":[253,436,439],"tags":[],"class_list":["post-163476","post","type-post","status-publish","format-standard","has-post-thumbnail","hentry","category-cidade","category-destaque-da-semana","category-ultima-hora"],"_links":{"self":[{"href":"https:\/\/diarioregionaldigital.com.br\/index.php?rest_route=\/wp\/v2\/posts\/163476","targetHints":{"allow":["GET"]}}],"collection":[{"href":"https:\/\/diarioregionaldigital.com.br\/index.php?rest_route=\/wp\/v2\/posts"}],"about":[{"href":"https:\/\/diarioregionaldigital.com.br\/index.php?rest_route=\/wp\/v2\/types\/post"}],"author":[{"embeddable":true,"href":"https:\/\/diarioregionaldigital.com.br\/index.php?rest_route=\/wp\/v2\/users\/96"}],"replies":[{"embeddable":true,"href":"https:\/\/diarioregionaldigital.com.br\/index.php?rest_route=%2Fwp%2Fv2%2Fcomments&post=163476"}],"version-history":[{"count":0,"href":"https:\/\/diarioregionaldigital.com.br\/index.php?rest_route=\/wp\/v2\/posts\/163476\/revisions"}],"wp:featuredmedia":[{"embeddable":true,"href":"https:\/\/diarioregionaldigital.com.br\/index.php?rest_route=\/wp\/v2\/media\/163477"}],"wp:attachment":[{"href":"https:\/\/diarioregionaldigital.com.br\/index.php?rest_route=%2Fwp%2Fv2%2Fmedia&parent=163476"}],"wp:term":[{"taxonomy":"category","embeddable":true,"href":"https:\/\/diarioregionaldigital.com.br\/index.php?rest_route=%2Fwp%2Fv2%2Fcategories&post=163476"},{"taxonomy":"post_tag","embeddable":true,"href":"https:\/\/diarioregionaldigital.com.br\/index.php?rest_route=%2Fwp%2Fv2%2Ftags&post=163476"}],"curies":[{"name":"wp","href":"https:\/\/api.w.org\/{rel}","templated":true}]}}