{"id":163452,"date":"2020-06-30T11:19:07","date_gmt":"2020-06-30T14:19:07","guid":{"rendered":"https:\/\/diarioregionaldigital.com.br\/?p=163452"},"modified":"2020-06-30T11:19:07","modified_gmt":"2020-06-30T14:19:07","slug":"senadores-comemoram-acordo-de-brasil-e-reino-unido-para-vacina-contra-a-covid-19","status":"publish","type":"post","link":"https:\/\/diarioregionaldigital.com.br\/?p=163452","title":{"rendered":"Senadores comemoram acordo de Brasil e Reino Unido para vacina contra a covid-19"},"content":{"rendered":"<p dir=\"ltr\">O governo federal anunciou que fechou um acordo com a Universidade de Oxford e um laborat\u00f3rio, ambos do Reino Unido, para a produ\u00e7\u00e3o futura de uma vacina contra a covid-19. A not\u00edcia foi recebida com esperan\u00e7a e comemora\u00e7\u00e3o por v\u00e1rios senadores, que se manifestaram em redes sociais nos \u00faltimos dias. A vacina ainda est\u00e1 em desenvolvimento, mas j\u00e1 est\u00e1 sendo testada em volunt\u00e1rios brasileiros.<\/p>\n<p dir=\"ltr\">Para o senador Vanderlan Cardoso (PSD-GO), a parceria \u00e9 uma \u201c\u00f3tima not\u00edcia\u201d. Ele explica que o acordo prev\u00ea transfer\u00eancia de tecnologia para o Brasil.<\/p>\n<p dir=\"ltr\">O senador Alvaro Dias (Podemos-PR) informou que o acordo envolve a Funda\u00e7\u00e3o Oswaldo Cruz (Fiocruz), a Universidade de Oxford e a empresa biofarmac\u00eautica AztraZeneca, e prev\u00ea a produ\u00e7\u00e3o de 100 milh\u00f5es de doses no Brasil assim que poss\u00edvel.<\/p>\n<p dir=\"ltr\">Na opini\u00e3o do senador Eduardo Braga (MDB-AM), a not\u00edcia \u00e9 boa, mas ele ressalta que a vacina ainda est\u00e1 em testes e que a popula\u00e7\u00e3o n\u00e3o pode relaxar o isolamento social e outras medidas de preven\u00e7\u00e3o.<\/p>\n<p dir=\"ltr\">\u201c\u00c9 tudo com que mais sonhamos agora: uma vacina contra a covid-19! Mas n\u00e3o d\u00e1 para comemorar por antecipa\u00e7\u00e3o nem para afrouxar o isolamento e os cuidados para evitar o cont\u00e1gio. Ainda n\u00e3o est\u00e1 de fato comprovada a efic\u00e1cia da vacina\u201d, escreveu Eduardo Braga no Twitter.<\/p>\n<p dir=\"ltr\">A senadora Eliziane Gama (Cidadania-MA) elogiou o governo pela iniciativa. Ela disse que essa vacina \u00e9, no momento, a mais promissora contra a covid-19: \u201cPandemia se combate com ci\u00eancia e n\u00e3o com fake news\u201d.<\/p>\n<p dir=\"ltr\">Os senadores Jorge Kajuru (Cidadania-GO), Randolfe Rodrigues (Rede-AP) e Pl\u00ednio Val\u00e9rio (PSDB-AM) tamb\u00e9m divulgaram a not\u00edcia em suas redes sociais.<\/p>\n<p dir=\"ltr\">Na semana passada, em audi\u00eancia p\u00fablica na comiss\u00e3o mista que acompanha as medidas do governo federal para o enfrentamento da pandemia de coronav\u00edrus, o ministro interino da Sa\u00fade, Eduardo Pazuello, j\u00e1 havia adiantado aos parlamentares a assinatura do acordo.<\/p>\n<p><strong>Fonte:<\/strong> Ag\u00eancia Senado<\/p>\n","protected":false},"excerpt":{"rendered":"<p>O governo federal anunciou que fechou um acordo com a Universidade de Oxford e um laborat\u00f3rio, ambos do Reino Unido, para a produ\u00e7\u00e3o futura de uma vacina contra a covid-19. A not\u00edcia foi recebida com esperan\u00e7a e comemora\u00e7\u00e3o por v\u00e1rios senadores, que se manifestaram em redes sociais nos \u00faltimos dias. A vacina ainda est\u00e1 em [&hellip;]<\/p>\n","protected":false},"author":96,"featured_media":163453,"comment_status":"closed","ping_status":"closed","sticky":false,"template":"","format":"standard","meta":{"footnotes":""},"categories":[302,436,439],"tags":[],"class_list":["post-163452","post","type-post","status-publish","format-standard","has-post-thumbnail","hentry","category-brasil-mundo","category-destaque-da-semana","category-ultima-hora"],"_links":{"self":[{"href":"https:\/\/diarioregionaldigital.com.br\/index.php?rest_route=\/wp\/v2\/posts\/163452","targetHints":{"allow":["GET"]}}],"collection":[{"href":"https:\/\/diarioregionaldigital.com.br\/index.php?rest_route=\/wp\/v2\/posts"}],"about":[{"href":"https:\/\/diarioregionaldigital.com.br\/index.php?rest_route=\/wp\/v2\/types\/post"}],"author":[{"embeddable":true,"href":"https:\/\/diarioregionaldigital.com.br\/index.php?rest_route=\/wp\/v2\/users\/96"}],"replies":[{"embeddable":true,"href":"https:\/\/diarioregionaldigital.com.br\/index.php?rest_route=%2Fwp%2Fv2%2Fcomments&post=163452"}],"version-history":[{"count":0,"href":"https:\/\/diarioregionaldigital.com.br\/index.php?rest_route=\/wp\/v2\/posts\/163452\/revisions"}],"wp:featuredmedia":[{"embeddable":true,"href":"https:\/\/diarioregionaldigital.com.br\/index.php?rest_route=\/wp\/v2\/media\/163453"}],"wp:attachment":[{"href":"https:\/\/diarioregionaldigital.com.br\/index.php?rest_route=%2Fwp%2Fv2%2Fmedia&parent=163452"}],"wp:term":[{"taxonomy":"category","embeddable":true,"href":"https:\/\/diarioregionaldigital.com.br\/index.php?rest_route=%2Fwp%2Fv2%2Fcategories&post=163452"},{"taxonomy":"post_tag","embeddable":true,"href":"https:\/\/diarioregionaldigital.com.br\/index.php?rest_route=%2Fwp%2Fv2%2Ftags&post=163452"}],"curies":[{"name":"wp","href":"https:\/\/api.w.org\/{rel}","templated":true}]}}