{"id":163449,"date":"2020-06-30T11:14:20","date_gmt":"2020-06-30T14:14:20","guid":{"rendered":"https:\/\/diarioregionaldigital.com.br\/?p=163449"},"modified":"2020-06-30T11:14:20","modified_gmt":"2020-06-30T14:14:20","slug":"contas-publicas-registram-em-maio-saldo-negativo-recorde","status":"publish","type":"post","link":"https:\/\/diarioregionaldigital.com.br\/?p=163449","title":{"rendered":"Contas p\u00fablicas registram em maio saldo negativo recorde"},"content":{"rendered":"<p><span style=\"font-weight: 400;\">Em meio \u00e0 pandemia de covid-19, as contas p\u00fablicas registraram, em maio, saldo negativo recorde. O setor p\u00fablico consolidado, formado por Uni\u00e3o, estados e munic\u00edpios, apresentou d\u00e9ficit prim\u00e1rio de R$ 131,438 bilh\u00f5es, no m\u00eas passado, o maior resultado negativo mensal da s\u00e9rie hist\u00f3rica iniciada em dezembro de 2001. Em maio de 2019, houve d\u00e9ficit prim\u00e1rio de R$ 13,008 bilh\u00f5es. Os dados foram divulgados nessa ter\u00e7a-feira (30) pelo Banco Central (BC).<\/span><\/p>\n<p><span style=\"font-weight: 400;\">No m\u00eas passado, o Governo Central (Previd\u00eancia, Banco Central e Tesouro Nacional) apresentou d\u00e9ficit prim\u00e1rio de R$ 127,092 bilh\u00f5es.<\/span><\/p>\n<p><span style=\"font-weight: 400;\">Os governos estaduais e municipais tamb\u00e9m registraram saldo negativo: R$ 4,259 bilh\u00f5es e R$ 508 milh\u00f5es, respectivamente. As empresas estatais federais, estaduais e municipais, exclu\u00eddas as dos grupos Petrobras e Eletrobras, registraram super\u00e1vit prim\u00e1rio de R$ 422 milh\u00f5es no m\u00eas passado.<\/span><\/p>\n<p><b>Resultado acumulado<\/b><\/p>\n<p><span style=\"font-weight: 400;\">De janeiro a maio, o d\u00e9ficit prim\u00e1rio chegou a R$ 214,021 bilh\u00f5es, contra o resultado positivo de R$ 6,966 bilh\u00f5es, em igual per\u00edodo de 2019.<\/span><\/p>\n<p><span style=\"font-weight: 400;\">Em 12 meses encerrados em maio, o d\u00e9ficit prim\u00e1rio ficou em R$ 282,859 bilh\u00f5es, o que representa 3,91% do Produto Interno Bruto (PIB), soma de todos os bens e servi\u00e7os produzidos no pa\u00eds.<\/span><\/p>\n<p><span style=\"font-weight: 400;\">A meta para este ano era de d\u00e9ficit prim\u00e1rio de R$ 118,9 bilh\u00f5es. Entretanto, o decreto de calamidade p\u00fablica dispensou o governo de cumprir a meta.<\/span><\/p>\n<p><b>Despesas com juros<\/b><\/p>\n<p><span style=\"font-weight: 400;\">Os gastos com juros ficaram em R$ 8,963 bilh\u00f5es em maio, contra R$ 34,550 bilh\u00f5es no mesmo m\u00eas de 2019. De janeiro a maio, essas despesas acumularam R$ 152,133 bilh\u00f5es, ante R$ 163,716 bilh\u00f5es em igual per\u00edodo do ano passado.<\/span><\/p>\n<p><span style=\"font-weight: 400;\">Segundo o BC, os menores gastos com juros s\u00e3o explicados pelas redu\u00e7\u00f5es na taxa b\u00e1sica de juros, a Selic, atualmente em 2,25% ao ano, e no \u00cdndice Nacional de Pre\u00e7os ao Consumidor Amplo (IPCA), que s\u00e3o indexadores da d\u00edvida p\u00fablica. Outro fator apontando pelo BC s\u00e3o os ganhos com opera\u00e7\u00f5es de <\/span><i><span style=\"font-weight: 400;\">swap<\/span><\/i><span style=\"font-weight: 400;\"> cambial, que equivalem \u00e0 venda de d\u00f3lares no mercado futuro. Os resultados do BC com essas opera\u00e7\u00f5es s\u00e3o transferidos para os juros da d\u00edvida p\u00fablica, aliviando as contas p\u00fablicas quando os contratos de<\/span><i><span style=\"font-weight: 400;\"> swap <\/span><\/i><span style=\"font-weight: 400;\">s\u00e3o favor\u00e1veis \u00e0 autoridade monet\u00e1ria.<\/span><\/p>\n<p><span style=\"font-weight: 400;\">Em maio, os ganhos com essas opera\u00e7\u00f5es chegaram a R$ 3,5 bilh\u00f5es, ante perda de R$ 1,6 bilh\u00e3o, no mesmo m\u00eas de 2019.<\/span><\/p>\n<p><b>Resultado nominal<\/b><\/p>\n<p><span style=\"font-weight: 400;\">Em maio, o d\u00e9ficit nominal, formado pelo resultado prim\u00e1rio e os gastos com juros, ficou em R$ 140,401 bilh\u00f5es, contra o resultado negativo de R$ 47,558 bilh\u00f5es em igual m\u00eas de 2019. No acumulado de cinco meses do ano, o d\u00e9ficit nominal chegou a R$ 366,154 bilh\u00f5es, contra R$ 156, 749 bilh\u00f5es em igual per\u00edodo de 2019.<\/span><\/p>\n<p><b>D\u00edvida p\u00fablica<\/b><\/p>\n<p><span style=\"font-weight: 400;\">A d\u00edvida l\u00edquida do setor p\u00fablico (balan\u00e7o entre o total de cr\u00e9ditos e d\u00e9bitos dos governos federal, estaduais e municipais) chegou a R$ 3,983 trilh\u00f5es em maio, o que corresponde 55% do PIB. Em abril, esse percentual estava em 52,8%.<\/span><\/p>\n<p><span style=\"font-weight: 400;\">Em maio, a d\u00edvida bruta &#8211; que contabiliza apenas os passivos dos governos federal, estaduais e municipais &#8211; chegou a R$ 5,929 trilh\u00f5es ou 81,9% do PIB, contra 79,8% em abril deste ano.<\/span><\/p>\n<p><span style=\"font-weight: 400;\">A d\u00edvida p\u00fablica bruta \u00e9 um indicador usado pelas ag\u00eancias de classifica\u00e7\u00e3o de risco para avaliar a solv\u00eancia das finan\u00e7as de um pa\u00eds. Quanto mais alto o indicador, maior a desconfian\u00e7a em rela\u00e7\u00e3o \u00e0 capacidade de um governo honrar os compromissos.<\/span><\/p>\n<p><strong>Fonte:<\/strong> Ag\u00eancia Brasil<\/p>\n","protected":false},"excerpt":{"rendered":"<p>Em meio \u00e0 pandemia de covid-19, as contas p\u00fablicas registraram, em maio, saldo negativo recorde. O setor p\u00fablico consolidado, formado por Uni\u00e3o, estados e munic\u00edpios, apresentou d\u00e9ficit prim\u00e1rio de R$ 131,438 bilh\u00f5es, no m\u00eas passado, o maior resultado negativo mensal da s\u00e9rie hist\u00f3rica iniciada em dezembro de 2001. Em maio de 2019, houve d\u00e9ficit prim\u00e1rio [&hellip;]<\/p>\n","protected":false},"author":96,"featured_media":163450,"comment_status":"closed","ping_status":"closed","sticky":false,"template":"","format":"standard","meta":{"footnotes":""},"categories":[436,261,439],"tags":[],"class_list":["post-163449","post","type-post","status-publish","format-standard","has-post-thumbnail","hentry","category-destaque-da-semana","category-economia","category-ultima-hora"],"_links":{"self":[{"href":"https:\/\/diarioregionaldigital.com.br\/index.php?rest_route=\/wp\/v2\/posts\/163449","targetHints":{"allow":["GET"]}}],"collection":[{"href":"https:\/\/diarioregionaldigital.com.br\/index.php?rest_route=\/wp\/v2\/posts"}],"about":[{"href":"https:\/\/diarioregionaldigital.com.br\/index.php?rest_route=\/wp\/v2\/types\/post"}],"author":[{"embeddable":true,"href":"https:\/\/diarioregionaldigital.com.br\/index.php?rest_route=\/wp\/v2\/users\/96"}],"replies":[{"embeddable":true,"href":"https:\/\/diarioregionaldigital.com.br\/index.php?rest_route=%2Fwp%2Fv2%2Fcomments&post=163449"}],"version-history":[{"count":0,"href":"https:\/\/diarioregionaldigital.com.br\/index.php?rest_route=\/wp\/v2\/posts\/163449\/revisions"}],"wp:featuredmedia":[{"embeddable":true,"href":"https:\/\/diarioregionaldigital.com.br\/index.php?rest_route=\/wp\/v2\/media\/163450"}],"wp:attachment":[{"href":"https:\/\/diarioregionaldigital.com.br\/index.php?rest_route=%2Fwp%2Fv2%2Fmedia&parent=163449"}],"wp:term":[{"taxonomy":"category","embeddable":true,"href":"https:\/\/diarioregionaldigital.com.br\/index.php?rest_route=%2Fwp%2Fv2%2Fcategories&post=163449"},{"taxonomy":"post_tag","embeddable":true,"href":"https:\/\/diarioregionaldigital.com.br\/index.php?rest_route=%2Fwp%2Fv2%2Ftags&post=163449"}],"curies":[{"name":"wp","href":"https:\/\/api.w.org\/{rel}","templated":true}]}}