{"id":163446,"date":"2020-06-30T11:09:33","date_gmt":"2020-06-30T14:09:33","guid":{"rendered":"https:\/\/diarioregionaldigital.com.br\/?p=163446"},"modified":"2020-06-30T11:09:33","modified_gmt":"2020-06-30T14:09:33","slug":"pandemia-pode-comprometer-regra-de-ouro-e-meta-fiscal-destaca-consultoria","status":"publish","type":"post","link":"https:\/\/diarioregionaldigital.com.br\/?p=163446","title":{"rendered":"Pandemia pode comprometer regra de ouro e meta fiscal, destaca consultoria"},"content":{"rendered":"<p><span style=\"font-weight: 400;\">A pandemia de coronav\u00edrus pode comprometer a aplica\u00e7\u00e3o da chamada regra de ouro das finan\u00e7as p\u00fablicas e a meta fiscal em 2021. A conclus\u00e3o \u00e9 de uma nota t\u00e9cnica conjunta das Consultorias de Or\u00e7amento do Senado e da C\u00e2mara publicada nesta ter\u00e7a-feira (30) sobre o Projeto de Lei de Diretrizes Or\u00e7ament\u00e1rias (LDO) para 2021 (PLN 9\/2020).<\/span><\/p>\n<p><span style=\"font-weight: 400;\">A regra de ouro pro\u00edbe o governo de fazer d\u00edvidas para pagar despesas correntes, como sal\u00e1rios, aposentadorias e custeio da m\u00e1quina p\u00fablica. Para realizar opera\u00e7\u00f5es de cr\u00e9dito acima do limite constitucional, a Uni\u00e3o depende de autoriza\u00e7\u00e3o do Congresso Nacional. O PLN 9\/2020 projeta essa margem de descumprimento para 2021 em R$ 265,1 bilh\u00f5es. Mas, de acordo com a nota t\u00e9cnica das Consultorias de Or\u00e7amento, a estimativa deve sofrer altera\u00e7\u00f5es por conta da crise causada pela pandemia de covid-19.<\/span><\/p>\n<p><span style=\"font-weight: 400;\">\u201cA depender de eventual novo reconhecimento de estado de calamidade p\u00fablica por parte do Congresso Nacional, poder\u00e1 a aplica\u00e7\u00e3o da regra de ouro ser tamb\u00e9m dispensada no exerc\u00edcio financeiro de 2021. Considerando essa hip\u00f3tese, recomenda-se que as disposi\u00e7\u00f5es do PLDO 2021 sejam aperfei\u00e7oadas de modo que, concretizada a continuidade do estado de calamidade p\u00fablica, as receitas e despesas constantes da LOA [Lei Or\u00e7ament\u00e1ria Anual] que, inicialmente, n\u00e3o seriam acolhidas pela regra de ouro passem a ser, ent\u00e3o, consideradas plenamente autorizadas\u201d, destafca o documento.<\/span><\/p>\n<p><b>Meta fiscal<\/b><\/p>\n<p><span style=\"font-weight: 400;\">Outro dispositivo que pode ser afetado pela pandemia \u00e9 a meta fiscal. O PLN 9\/2020 traz uma meta de deficit prim\u00e1rio de R$ 149,6 bilh\u00f5es para o governo central. A nota t\u00e9cnica das Consultorias de Or\u00e7amento destaca, no entanto, que \u201ca elevada incerteza causada pela pandemia\u201d pode trazer \u201cimpactos relevantes na arrecada\u00e7\u00e3o e na despesa p\u00fablica\u201d.<\/span><\/p>\n<p><span style=\"font-weight: 400;\">\u201cA imprevisibilidade da extens\u00e3o da crise e de suas consequ\u00eancias sobre os agregados econ\u00f4micos de curto prazo levou excepcionalmente \u00e0 proposi\u00e7\u00e3o, pela primeira vez desde sua concep\u00e7\u00e3o, de meta de resultado prim\u00e1rio ajust\u00e1vel ao comportamento das receitas e despesas. Por essa raz\u00e3o, praticamente deixa de existir a necessidade de esfor\u00e7o fiscal que conduza ao cumprimento da meta de resultado prim\u00e1rio, de modo que a \u00e2ncora fiscal passa a ser exclusivamente o teto de gastos\u201d, pontua o documento.<\/span><\/p>\n<p><span style=\"font-weight: 400;\">A nota t\u00e9cnica analisa ainda os par\u00e2metros macroecon\u00f4micos para 2021. O crescimento do Produto Interno Bruto (PIB) \u00e9 estimado em 3,3%; a infla\u00e7\u00e3o, pelo IPCA, \u00e9 projetada em 3,6%; a taxa de juros b\u00e1sica da economia (Selic) m\u00e9dia prevista \u00e9 de 4,4%; e o valor m\u00e9dio do d\u00f3lar \u00e9 estimado em R$ 4,30.<\/span><\/p>\n<p><span style=\"font-weight: 400;\">Em 2022 e 2023, a estimativa do crescimento do PIB \u00e9 de 2,5%. Nesses dois anos, o IPCA se manteria em 3,5%. A taxa Selic m\u00e9dia alcan\u00e7aria 6%, enquanto o c\u00e2mbio m\u00e9dio \u00e9 estimado em R$ 4,30. \u201cEsses n\u00fameros n\u00e3o divergem substancialmente das proje\u00e7\u00f5es de mercado captadas pelo Banco Central. Por\u00e9m, as incertezas para 2020, em fun\u00e7\u00e3o da pandemia da covid-19, certamente afetar\u00e3o esses par\u00e2metros\u201d, destaca a nota t\u00e9cnica.<\/span><\/p>\n<p><strong>Fonte:\u00a0<\/strong>Ag\u00eancia Senado<\/p>\n","protected":false},"excerpt":{"rendered":"<p>A pandemia de coronav\u00edrus pode comprometer a aplica\u00e7\u00e3o da chamada regra de ouro das finan\u00e7as p\u00fablicas e a meta fiscal em 2021. A conclus\u00e3o \u00e9 de uma nota t\u00e9cnica conjunta das Consultorias de Or\u00e7amento do Senado e da C\u00e2mara publicada nesta ter\u00e7a-feira (30) sobre o Projeto de Lei de Diretrizes Or\u00e7ament\u00e1rias (LDO) para 2021 (PLN [&hellip;]<\/p>\n","protected":false},"author":96,"featured_media":163447,"comment_status":"closed","ping_status":"closed","sticky":false,"template":"","format":"standard","meta":{"footnotes":""},"categories":[436,261,439],"tags":[],"class_list":["post-163446","post","type-post","status-publish","format-standard","has-post-thumbnail","hentry","category-destaque-da-semana","category-economia","category-ultima-hora"],"_links":{"self":[{"href":"https:\/\/diarioregionaldigital.com.br\/index.php?rest_route=\/wp\/v2\/posts\/163446","targetHints":{"allow":["GET"]}}],"collection":[{"href":"https:\/\/diarioregionaldigital.com.br\/index.php?rest_route=\/wp\/v2\/posts"}],"about":[{"href":"https:\/\/diarioregionaldigital.com.br\/index.php?rest_route=\/wp\/v2\/types\/post"}],"author":[{"embeddable":true,"href":"https:\/\/diarioregionaldigital.com.br\/index.php?rest_route=\/wp\/v2\/users\/96"}],"replies":[{"embeddable":true,"href":"https:\/\/diarioregionaldigital.com.br\/index.php?rest_route=%2Fwp%2Fv2%2Fcomments&post=163446"}],"version-history":[{"count":0,"href":"https:\/\/diarioregionaldigital.com.br\/index.php?rest_route=\/wp\/v2\/posts\/163446\/revisions"}],"wp:featuredmedia":[{"embeddable":true,"href":"https:\/\/diarioregionaldigital.com.br\/index.php?rest_route=\/wp\/v2\/media\/163447"}],"wp:attachment":[{"href":"https:\/\/diarioregionaldigital.com.br\/index.php?rest_route=%2Fwp%2Fv2%2Fmedia&parent=163446"}],"wp:term":[{"taxonomy":"category","embeddable":true,"href":"https:\/\/diarioregionaldigital.com.br\/index.php?rest_route=%2Fwp%2Fv2%2Fcategories&post=163446"},{"taxonomy":"post_tag","embeddable":true,"href":"https:\/\/diarioregionaldigital.com.br\/index.php?rest_route=%2Fwp%2Fv2%2Ftags&post=163446"}],"curies":[{"name":"wp","href":"https:\/\/api.w.org\/{rel}","templated":true}]}}