{"id":163442,"date":"2020-06-30T10:56:53","date_gmt":"2020-06-30T13:56:53","guid":{"rendered":"https:\/\/diarioregionaldigital.com.br\/?p=163442"},"modified":"2020-06-30T10:56:53","modified_gmt":"2020-06-30T13:56:53","slug":"mais-de-66-mil-medicos-estao-atuando-no-combate-ao-coronavirus","status":"publish","type":"post","link":"https:\/\/diarioregionaldigital.com.br\/?p=163442","title":{"rendered":"Mais de 6,6 mil m\u00e9dicos est\u00e3o atuando no combate ao coronav\u00edrus"},"content":{"rendered":"<p><span style=\"font-weight: 400;\">Desde o in\u00edcio da situa\u00e7\u00e3o de emerg\u00eancia causada pela Covid-19 no Brasil, o Minist\u00e9rio da Sa\u00fade j\u00e1 contratou 6.622 profissionais m\u00e9dicos para refor\u00e7ar o atendimento \u00e0 popula\u00e7\u00e3o nos postos de sa\u00fade de 2.127 munic\u00edpios e 21 Distritos Sanit\u00e1rios Especiais Ind\u00edgenas (DSEI). Foram lan\u00e7ados, de forma emergencial, quatro editais para provimento m\u00e9dico, no \u00e2mbito do programa Mais M\u00e9dicos, no qual os munic\u00edpios oferecem as vagas que necessitam e os m\u00e9dicos escolhem onde querem atuar. O edital n\u00ba 5\/20, para m\u00e9dicos com CRM Brasil, soma 3.803 profissionais atuando em 1.348 munic\u00edpios e distritos ind\u00edgenas, alocados neste ano. Capitais e grandes centros voltaram a ser contemplados pelo programa, j\u00e1 que s\u00e3o localidades onde h\u00e1 maior concentra\u00e7\u00e3o de pessoas e, consequentemente, maior possibilidade de cont\u00e1gio.<\/span><\/p>\n<p><span style=\"font-weight: 400;\">Em complemento, tamb\u00e9m foi lan\u00e7ado o edital n\u00ba 9\/20, que reincorpora profissionais cubanos ao programa, conforme determinado na Lei n\u00ba 12.871 aprovada pelo Congresso Nacional, desde que atendam aos seguintes requisitos: estar no exerc\u00edcio de suas atividades no programa Mais M\u00e9dicos no dia 13 de novembro de 2018, quando o acordo de coopera\u00e7\u00e3o foi rescindido pelo governo cubano e ter permanecido no Brasil at\u00e9 a data da publica\u00e7\u00e3o da Medida Provis\u00f3ria n\u00ba 890, na condi\u00e7\u00e3o de naturalizado, residente ou com pedido de ref\u00fagio. O edital j\u00e1 abriu duas chamadas, que incorporou 1.012 m\u00e9dicos em mais de 400 munic\u00edpios.<\/span><\/p>\n<p><span style=\"font-weight: 400;\">Al\u00e9m disso, dois editais de prorroga\u00e7\u00e3o de contratos de m\u00e9dicos que j\u00e1 atuavam em grandes centros urbanos mantiveram em seus postos 1.807 m\u00e9dicos em mais de mil munic\u00edpios, atuando no combate ao coronav\u00edrus. Desta forma, 16.197 vagas do programa, o equivalente a cerca de 90%, est\u00e3o preenchidas. Com isto, o Minist\u00e9rio da Sa\u00fade garante que todos os munic\u00edpios participantes do programa tenham sempre profissionais atuando nos postos de sa\u00fade.<\/span><\/p>\n<p><span style=\"font-weight: 400;\">Para garantir a contrata\u00e7\u00e3o destes profissionais, o Governo Federal est\u00e1 investindo mais de R$ 1,2 bilh\u00e3o. A bolsa-forma\u00e7\u00e3o para todos os profissionais do programa \u00e9 de R$ 12.386,50.<\/span><\/p>\n<p><span style=\"font-weight: 400;\">Como o n\u00famero de vagas no programa \u00e9 din\u00e2mico, e varia constantemente, conforme a sa\u00edda e a reposi\u00e7\u00e3o de profissionais, estes m\u00e9dicos s\u00e3o alocados \u00e0 medida que novas vagas surgem, seja por desist\u00eancia do ocupante ou por encerramento de contrato.<\/span><\/p>\n<p><strong>Fonte:\u00a0<\/strong>Ag\u00eancia Sa\u00fade<\/p>\n","protected":false},"excerpt":{"rendered":"<p>Desde o in\u00edcio da situa\u00e7\u00e3o de emerg\u00eancia causada pela Covid-19 no Brasil, o Minist\u00e9rio da Sa\u00fade j\u00e1 contratou 6.622 profissionais m\u00e9dicos para refor\u00e7ar o atendimento \u00e0 popula\u00e7\u00e3o nos postos de sa\u00fade de 2.127 munic\u00edpios e 21 Distritos Sanit\u00e1rios Especiais Ind\u00edgenas (DSEI). Foram lan\u00e7ados, de forma emergencial, quatro editais para provimento m\u00e9dico, no \u00e2mbito do programa [&hellip;]<\/p>\n","protected":false},"author":96,"featured_media":163443,"comment_status":"closed","ping_status":"closed","sticky":false,"template":"","format":"standard","meta":{"footnotes":""},"categories":[302,436,440,439],"tags":[],"class_list":["post-163442","post","type-post","status-publish","format-standard","has-post-thumbnail","hentry","category-brasil-mundo","category-destaque-da-semana","category-destaques-do-dia","category-ultima-hora"],"_links":{"self":[{"href":"https:\/\/diarioregionaldigital.com.br\/index.php?rest_route=\/wp\/v2\/posts\/163442","targetHints":{"allow":["GET"]}}],"collection":[{"href":"https:\/\/diarioregionaldigital.com.br\/index.php?rest_route=\/wp\/v2\/posts"}],"about":[{"href":"https:\/\/diarioregionaldigital.com.br\/index.php?rest_route=\/wp\/v2\/types\/post"}],"author":[{"embeddable":true,"href":"https:\/\/diarioregionaldigital.com.br\/index.php?rest_route=\/wp\/v2\/users\/96"}],"replies":[{"embeddable":true,"href":"https:\/\/diarioregionaldigital.com.br\/index.php?rest_route=%2Fwp%2Fv2%2Fcomments&post=163442"}],"version-history":[{"count":0,"href":"https:\/\/diarioregionaldigital.com.br\/index.php?rest_route=\/wp\/v2\/posts\/163442\/revisions"}],"wp:featuredmedia":[{"embeddable":true,"href":"https:\/\/diarioregionaldigital.com.br\/index.php?rest_route=\/wp\/v2\/media\/163443"}],"wp:attachment":[{"href":"https:\/\/diarioregionaldigital.com.br\/index.php?rest_route=%2Fwp%2Fv2%2Fmedia&parent=163442"}],"wp:term":[{"taxonomy":"category","embeddable":true,"href":"https:\/\/diarioregionaldigital.com.br\/index.php?rest_route=%2Fwp%2Fv2%2Fcategories&post=163442"},{"taxonomy":"post_tag","embeddable":true,"href":"https:\/\/diarioregionaldigital.com.br\/index.php?rest_route=%2Fwp%2Fv2%2Ftags&post=163442"}],"curies":[{"name":"wp","href":"https:\/\/api.w.org\/{rel}","templated":true}]}}