{"id":163435,"date":"2020-06-30T10:35:54","date_gmt":"2020-06-30T13:35:54","guid":{"rendered":"https:\/\/diarioregionaldigital.com.br\/?p=163435"},"modified":"2020-06-30T10:35:54","modified_gmt":"2020-06-30T13:35:54","slug":"saude-confirma-45-001-casos-confirmados-por-coronavirus","status":"publish","type":"post","link":"https:\/\/diarioregionaldigital.com.br\/?p=163435","title":{"rendered":"Sa\u00fade confirma 45.001 casos confirmados por Coronav\u00edrus"},"content":{"rendered":"<p>O\u00a0<a href=\"https:\/\/saude.mg.gov.br\/images\/noticias_e_eventos\/000_2020\/Boletins_Corona\/Boletim_Epidemiologico_COVID-19_30.06.2020.pdf\">boletim epidemiol\u00f3gico<\/a> divulgado nesta ter\u00e7a-feira (30) pela Secretaria de Estado da Sa\u00fade de Minas Gerais (SES-MG), aponta aumento de 43.864 para 45.001 casos confirmados de Coronav\u00edrus pelo estado, em compara\u00e7\u00e3o com o boletim divulgado ontem (29). O n\u00famero de \u00f3bitos subiu de 940 para 965. De acordo com o novo levantamento, os 25 \u00f3bitos registrados no novo boletim foram confirmados em: Betim (1), M\u00e1rio Campos (1), Ribeir\u00e3o das Neves (1), Sabar\u00e1 (1), Juiz de Fora (1), Nova Serrana (1), Divin\u00f3polis (1), Belo Horizonte (6), Lavras (1), Jequitinhonha (1), Bandeira (1), Po\u00e7os de Caldas (1), Itapeva (2), Passos (1), Uberl\u00e2ndia (1), Tupaciguara (1), Serro (1), Piedade do Rio Grande (1) e Salinas (1).<\/p>\n<p>Al\u00e9m disso, o n\u00famero de pacientes recuperados aumentou de 25.154 para 26.432, representando 58,7% dos casos em Minas Gerais. Ao todo 5.407 pacientes est\u00e3o internados e 39.594 fazem isolamento domiciliar. At\u00e9 ent\u00e3o foram feitos 39.689 testes laboratoriais, sendo que 6.843 deram positivo, 31.162 deram negativo e 1.212 est\u00e3o sob an\u00e1lise.<\/p>\n<p>Confira abaixo a tabela completa com os \u00f3bitos confirmados no estado:<\/p>\n<p><a href=\"https:\/\/diarioregionaldigital.com.br\/wp-content\/uploads\/2020\/06\/OBITOS_CONF_COVID-19_MG_30.06.2020.xlsx\">OBITOS_CONF_COVID-19_MG_30.06.2020<\/a><\/p>\n","protected":false},"excerpt":{"rendered":"<p>O\u00a0boletim epidemiol\u00f3gico divulgado nesta ter\u00e7a-feira (30) pela Secretaria de Estado da Sa\u00fade de Minas Gerais (SES-MG), aponta aumento de 43.864 para 45.001 casos confirmados de Coronav\u00edrus pelo estado, em compara\u00e7\u00e3o com o boletim divulgado ontem (29). O n\u00famero de \u00f3bitos subiu de 940 para 965. De acordo com o novo levantamento, os 25 \u00f3bitos registrados [&hellip;]<\/p>\n","protected":false},"author":96,"featured_media":163058,"comment_status":"closed","ping_status":"closed","sticky":false,"template":"","format":"standard","meta":{"footnotes":""},"categories":[436,440,252,439],"tags":[],"class_list":["post-163435","post","type-post","status-publish","format-standard","has-post-thumbnail","hentry","category-destaque-da-semana","category-destaques-do-dia","category-regiao","category-ultima-hora"],"_links":{"self":[{"href":"https:\/\/diarioregionaldigital.com.br\/index.php?rest_route=\/wp\/v2\/posts\/163435","targetHints":{"allow":["GET"]}}],"collection":[{"href":"https:\/\/diarioregionaldigital.com.br\/index.php?rest_route=\/wp\/v2\/posts"}],"about":[{"href":"https:\/\/diarioregionaldigital.com.br\/index.php?rest_route=\/wp\/v2\/types\/post"}],"author":[{"embeddable":true,"href":"https:\/\/diarioregionaldigital.com.br\/index.php?rest_route=\/wp\/v2\/users\/96"}],"replies":[{"embeddable":true,"href":"https:\/\/diarioregionaldigital.com.br\/index.php?rest_route=%2Fwp%2Fv2%2Fcomments&post=163435"}],"version-history":[{"count":0,"href":"https:\/\/diarioregionaldigital.com.br\/index.php?rest_route=\/wp\/v2\/posts\/163435\/revisions"}],"wp:featuredmedia":[{"embeddable":true,"href":"https:\/\/diarioregionaldigital.com.br\/index.php?rest_route=\/wp\/v2\/media\/163058"}],"wp:attachment":[{"href":"https:\/\/diarioregionaldigital.com.br\/index.php?rest_route=%2Fwp%2Fv2%2Fmedia&parent=163435"}],"wp:term":[{"taxonomy":"category","embeddable":true,"href":"https:\/\/diarioregionaldigital.com.br\/index.php?rest_route=%2Fwp%2Fv2%2Fcategories&post=163435"},{"taxonomy":"post_tag","embeddable":true,"href":"https:\/\/diarioregionaldigital.com.br\/index.php?rest_route=%2Fwp%2Fv2%2Ftags&post=163435"}],"curies":[{"name":"wp","href":"https:\/\/api.w.org\/{rel}","templated":true}]}}