{"id":163425,"date":"2020-06-30T06:00:31","date_gmt":"2020-06-30T09:00:31","guid":{"rendered":"https:\/\/diarioregionaldigital.com.br\/?p=163425"},"modified":"2020-06-30T00:59:42","modified_gmt":"2020-06-30T03:59:42","slug":"sucesso-18","status":"publish","type":"post","link":"https:\/\/diarioregionaldigital.com.br\/?p=163425","title":{"rendered":"Sucesso"},"content":{"rendered":"<p style=\"text-align: center;\"><strong>Voando Baixo<\/strong><\/p>\n<p style=\"text-align: center;\">Com a crise da pandemia do novo Coronav\u00edrus a previs\u00e3o das empresas a\u00e9reas de chegar ao fim de junho com 350 voos di\u00e1rios no mercado dom\u00e9stico. Para que o leitor compare: eram 2,7 mil voos por dia no Brasil em fevereiro, e em abril, o pior momento, foram apenas 180.<\/p>\n<p style=\"text-align: center;\"><strong>Sucesso<\/strong><\/p>\n<p style=\"text-align: center;\">A plataforma RPN esteve movimentada com o WorkShop saud\u00e1vel da especialista em desenvolvimento pessoal, Leila Abr\u00e3o sobre lideran\u00e7a, constru\u00e7\u00e3o, pap\u00e9is, espontaneidade e criatividade.<\/p>\n<p style=\"text-align: center;\"><span style=\"font-size: 14pt;\"><strong>Para Refletir<\/strong><\/span><\/p>\n<p style=\"text-align: center;\">Diplomas e certificados n\u00e3o tornam ningu\u00e9m melhor do que o outro. At\u00e9 porque, qualquer pessoa, em qualquer lugar, fazendo qualquer coisa pode ser espetacular. Pap\u00e9is e molduras penduradas na parede n\u00e3o garantem maior capacidade de ningu\u00e9m. Tome nota.<\/p>\n<div id=\"attachment_163409\" style=\"width: 690px\" class=\"wp-caption aligncenter\"><img loading=\"lazy\" decoding=\"async\" aria-describedby=\"caption-attachment-163409\" class=\"wp-image-163409\" src=\"https:\/\/diarioregionaldigital.com.br\/wp-content\/uploads\/2020\/06\/fotoa-15-e1593488847151.jpg\" alt=\"\" width=\"680\" height=\"488\" srcset=\"https:\/\/diarioregionaldigital.com.br\/wp-content\/uploads\/2020\/06\/fotoa-15-e1593488847151.jpg 716w, https:\/\/diarioregionaldigital.com.br\/wp-content\/uploads\/2020\/06\/fotoa-15-e1593488847151-300x215.jpg 300w, https:\/\/diarioregionaldigital.com.br\/wp-content\/uploads\/2020\/06\/fotoa-15-e1593488847151-360x258.jpg 360w\" sizes=\"auto, (max-width: 680px) 100vw, 680px\" \/><p id=\"caption-attachment-163409\" class=\"wp-caption-text\">Em destaque hoje, o refinamento e eleg\u00e2ncia do casal \u00c1lvaro Duayer (aniversariando) e Ingrid Og Duayer<\/p><\/div>\n<div id=\"attachment_163410\" style=\"width: 690px\" class=\"wp-caption aligncenter\"><img loading=\"lazy\" decoding=\"async\" aria-describedby=\"caption-attachment-163410\" class=\"wp-image-163410\" src=\"https:\/\/diarioregionaldigital.com.br\/wp-content\/uploads\/2020\/06\/fotob-18-e1593488883861.jpg\" alt=\"\" width=\"680\" height=\"522\" srcset=\"https:\/\/diarioregionaldigital.com.br\/wp-content\/uploads\/2020\/06\/fotob-18-e1593488883861.jpg 897w, https:\/\/diarioregionaldigital.com.br\/wp-content\/uploads\/2020\/06\/fotob-18-e1593488883861-300x230.jpg 300w, https:\/\/diarioregionaldigital.com.br\/wp-content\/uploads\/2020\/06\/fotob-18-e1593488883861-768x590.jpg 768w, https:\/\/diarioregionaldigital.com.br\/wp-content\/uploads\/2020\/06\/fotob-18-e1593488883861-360x277.jpg 360w\" sizes=\"auto, (max-width: 680px) 100vw, 680px\" \/><p id=\"caption-attachment-163410\" class=\"wp-caption-text\">Festejando 15 anos em Ub\u00e1 (MG), a linda estrelinha Gabriela Oliveira Souza com o pai PM Paulo Roberto Souza<\/p><\/div>\n<div id=\"attachment_163411\" style=\"width: 690px\" class=\"wp-caption aligncenter\"><img loading=\"lazy\" decoding=\"async\" aria-describedby=\"caption-attachment-163411\" class=\"wp-image-163411\" src=\"https:\/\/diarioregionaldigital.com.br\/wp-content\/uploads\/2020\/06\/fotoc-17-e1593488908516.jpg\" alt=\"\" width=\"680\" height=\"527\" srcset=\"https:\/\/diarioregionaldigital.com.br\/wp-content\/uploads\/2020\/06\/fotoc-17-e1593488908516.jpg 712w, https:\/\/diarioregionaldigital.com.br\/wp-content\/uploads\/2020\/06\/fotoc-17-e1593488908516-300x233.jpg 300w, https:\/\/diarioregionaldigital.com.br\/wp-content\/uploads\/2020\/06\/fotoc-17-e1593488908516-360x279.jpg 360w\" sizes=\"auto, (max-width: 680px) 100vw, 680px\" \/><p id=\"caption-attachment-163411\" class=\"wp-caption-text\">Em plena natureza, o bonit\u00e3o Neil Melato festejou idade nova<\/p><\/div>\n<div id=\"attachment_163412\" style=\"width: 690px\" class=\"wp-caption aligncenter\"><img loading=\"lazy\" decoding=\"async\" aria-describedby=\"caption-attachment-163412\" class=\"wp-image-163412\" src=\"https:\/\/diarioregionaldigital.com.br\/wp-content\/uploads\/2020\/06\/fotod-16-e1593488942223.jpg\" alt=\"\" width=\"680\" height=\"508\" srcset=\"https:\/\/diarioregionaldigital.com.br\/wp-content\/uploads\/2020\/06\/fotod-16-e1593488942223.jpg 1080w, https:\/\/diarioregionaldigital.com.br\/wp-content\/uploads\/2020\/06\/fotod-16-e1593488942223-300x224.jpg 300w, https:\/\/diarioregionaldigital.com.br\/wp-content\/uploads\/2020\/06\/fotod-16-e1593488942223-1024x765.jpg 1024w, https:\/\/diarioregionaldigital.com.br\/wp-content\/uploads\/2020\/06\/fotod-16-e1593488942223-768x574.jpg 768w, https:\/\/diarioregionaldigital.com.br\/wp-content\/uploads\/2020\/06\/fotod-16-e1593488942223-360x269.jpg 360w\" sizes=\"auto, (max-width: 680px) 100vw, 680px\" \/><p id=\"caption-attachment-163412\" class=\"wp-caption-text\">Estreando nesta coluna social on-line o querido casal Guilherme Gon\u00e7alves e Helena Rodrigues Gon\u00e7alves<\/p><\/div>\n<div id=\"attachment_163413\" style=\"width: 690px\" class=\"wp-caption aligncenter\"><img loading=\"lazy\" decoding=\"async\" aria-describedby=\"caption-attachment-163413\" class=\"wp-image-163413\" src=\"https:\/\/diarioregionaldigital.com.br\/wp-content\/uploads\/2020\/06\/fotoe-17-e1593488974750.jpg\" alt=\"\" width=\"680\" height=\"468\" srcset=\"https:\/\/diarioregionaldigital.com.br\/wp-content\/uploads\/2020\/06\/fotoe-17-e1593488974750.jpg 718w, https:\/\/diarioregionaldigital.com.br\/wp-content\/uploads\/2020\/06\/fotoe-17-e1593488974750-300x206.jpg 300w, https:\/\/diarioregionaldigital.com.br\/wp-content\/uploads\/2020\/06\/fotoe-17-e1593488974750-360x248.jpg 360w, https:\/\/diarioregionaldigital.com.br\/wp-content\/uploads\/2020\/06\/fotoe-17-e1593488974750-100x70.jpg 100w\" sizes=\"auto, (max-width: 680px) 100vw, 680px\" \/><p id=\"caption-attachment-163413\" class=\"wp-caption-text\">Em Bicas (MG) fazendo quarentena, o casal 20 Hudsonina Sarto e Wolney Sarto<\/p><\/div>\n<div id=\"attachment_163414\" style=\"width: 690px\" class=\"wp-caption aligncenter\"><img loading=\"lazy\" decoding=\"async\" aria-describedby=\"caption-attachment-163414\" class=\"wp-image-163414\" src=\"https:\/\/diarioregionaldigital.com.br\/wp-content\/uploads\/2020\/06\/fotof-19-e1593489008283.jpg\" alt=\"\" width=\"680\" height=\"483\" srcset=\"https:\/\/diarioregionaldigital.com.br\/wp-content\/uploads\/2020\/06\/fotof-19-e1593489008283.jpg 1755w, https:\/\/diarioregionaldigital.com.br\/wp-content\/uploads\/2020\/06\/fotof-19-e1593489008283-300x213.jpg 300w, https:\/\/diarioregionaldigital.com.br\/wp-content\/uploads\/2020\/06\/fotof-19-e1593489008283-1024x728.jpg 1024w, https:\/\/diarioregionaldigital.com.br\/wp-content\/uploads\/2020\/06\/fotof-19-e1593489008283-768x546.jpg 768w, https:\/\/diarioregionaldigital.com.br\/wp-content\/uploads\/2020\/06\/fotof-19-e1593489008283-1536x1091.jpg 1536w, https:\/\/diarioregionaldigital.com.br\/wp-content\/uploads\/2020\/06\/fotof-19-e1593489008283-360x256.jpg 360w, https:\/\/diarioregionaldigital.com.br\/wp-content\/uploads\/2020\/06\/fotof-19-e1593489008283-100x70.jpg 100w\" sizes=\"auto, (max-width: 680px) 100vw, 680px\" \/><p id=\"caption-attachment-163414\" class=\"wp-caption-text\">No passado fazendo show no Bar do L\u00e9o, o m\u00fasico Salim Lamha<\/p><\/div>\n<div id=\"attachment_163417\" style=\"width: 690px\" class=\"wp-caption aligncenter\"><img loading=\"lazy\" decoding=\"async\" aria-describedby=\"caption-attachment-163417\" class=\"wp-image-163417\" src=\"https:\/\/diarioregionaldigital.com.br\/wp-content\/uploads\/2020\/06\/fotoi-e1593489120622.jpeg\" alt=\"\" width=\"680\" height=\"482\" srcset=\"https:\/\/diarioregionaldigital.com.br\/wp-content\/uploads\/2020\/06\/fotoi-e1593489120622.jpeg 495w, https:\/\/diarioregionaldigital.com.br\/wp-content\/uploads\/2020\/06\/fotoi-e1593489120622-300x213.jpeg 300w, https:\/\/diarioregionaldigital.com.br\/wp-content\/uploads\/2020\/06\/fotoi-e1593489120622-360x255.jpeg 360w, https:\/\/diarioregionaldigital.com.br\/wp-content\/uploads\/2020\/06\/fotoi-e1593489120622-100x70.jpeg 100w\" sizes=\"auto, (max-width: 680px) 100vw, 680px\" \/><p id=\"caption-attachment-163417\" class=\"wp-caption-text\">Em seu casamento civil em Benfica Luciana Oliveira Quetz e Pedro Quetz<\/p><\/div>\n<div id=\"attachment_163415\" style=\"width: 690px\" class=\"wp-caption aligncenter\"><img loading=\"lazy\" decoding=\"async\" aria-describedby=\"caption-attachment-163415\" class=\"wp-image-163415\" src=\"https:\/\/diarioregionaldigital.com.br\/wp-content\/uploads\/2020\/06\/fotog-17-e1593489048243.jpg\" alt=\"\" width=\"680\" height=\"471\" srcset=\"https:\/\/diarioregionaldigital.com.br\/wp-content\/uploads\/2020\/06\/fotog-17-e1593489048243.jpg 696w, https:\/\/diarioregionaldigital.com.br\/wp-content\/uploads\/2020\/06\/fotog-17-e1593489048243-300x208.jpg 300w, https:\/\/diarioregionaldigital.com.br\/wp-content\/uploads\/2020\/06\/fotog-17-e1593489048243-360x249.jpg 360w, https:\/\/diarioregionaldigital.com.br\/wp-content\/uploads\/2020\/06\/fotog-17-e1593489048243-100x70.jpg 100w\" sizes=\"auto, (max-width: 680px) 100vw, 680px\" \/><p id=\"caption-attachment-163415\" class=\"wp-caption-text\">Homens de car\u00e1ter e atitude em destaque: o fisioterapeuta Ramon David e o m\u00e9dico e vereador Ant\u00f4nio Aguiar<\/p><\/div>\n<div id=\"attachment_163416\" style=\"width: 690px\" class=\"wp-caption aligncenter\"><img loading=\"lazy\" decoding=\"async\" aria-describedby=\"caption-attachment-163416\" class=\"wp-image-163416\" src=\"https:\/\/diarioregionaldigital.com.br\/wp-content\/uploads\/2020\/06\/fotoh-19-e1593489076647.jpg\" alt=\"\" width=\"680\" height=\"484\" srcset=\"https:\/\/diarioregionaldigital.com.br\/wp-content\/uploads\/2020\/06\/fotoh-19-e1593489076647.jpg 950w, https:\/\/diarioregionaldigital.com.br\/wp-content\/uploads\/2020\/06\/fotoh-19-e1593489076647-300x213.jpg 300w, https:\/\/diarioregionaldigital.com.br\/wp-content\/uploads\/2020\/06\/fotoh-19-e1593489076647-768x546.jpg 768w, https:\/\/diarioregionaldigital.com.br\/wp-content\/uploads\/2020\/06\/fotoh-19-e1593489076647-360x256.jpg 360w, https:\/\/diarioregionaldigital.com.br\/wp-content\/uploads\/2020\/06\/fotoh-19-e1593489076647-100x70.jpg 100w\" sizes=\"auto, (max-width: 680px) 100vw, 680px\" \/><p id=\"caption-attachment-163416\" class=\"wp-caption-text\">Fazendo ch\u00e1 das 5 no Paineiras, Wesley Monteiro e Carlos Sacchi<\/p><\/div>\n<p style=\"text-align: center;\"><strong>FOTOSS\u00cdNTESE<\/strong><\/p>\n<p>Mestre cuca de m\u00e3o cheia, Alessandro (Piau) Debortoli pole-position do canal de receitas \u201cPapai Safo\u201d lan\u00e7ou cesta de produtos t\u00edpicos de festa junina, com encomendas pelo Instagram.<\/p>\n<p>Em boa hora, o JF V\u00f4lei em parceria com patrocinador doou mais de duas toneladas de alimentos para quatro n\u00facleos do projeto s\u00f3cio esportivo em escolas p\u00fablicas de Juiz de Fora.<\/p>\n<p>Os estudantes est\u00e3o aflitos. O MEC autorizou aulas on-line no ensino superior at\u00e9 dezembro. Muitos que alugaram apartamento e voltaram para suas cidades por causa da Covid-19, est\u00e3o amargando preju\u00edzo.<\/p>\n<p>Os irm\u00e3os Neylson e Edinho Almeida comemoram a premia\u00e7\u00e3o da Inter Construtora dentre as \u201c100 Melhores Construtoras do Brasil\u201d. Na escala aparece em 20\u00ba lugar entre da economia nacional.<\/p>\n<p>Causou impacto a live no YouTube do doutorando em psicologia social da UERJ Andr\u00e9 Sant\u2019Anna e a doutora em ci\u00eancia da religi\u00e3o Maria Luiza Higino sobre religi\u00e3o e racismo no Brasil. O mediador foi o doutorando Bruno Oliveira.<\/p>\n<p>Propriet\u00e1rio da Arteria, Luan de Carvalho usa como alternativa o servi\u00e7o de delivery com almo\u00e7o e jantar para manter a casa em atividade e superar a crise provocado pelo no Coronav\u00edrus.<\/p>\n<p>O competente deputado Lafayete Andrade \u00e9 um dos signat\u00e1rios de projeto de lei propondo mudan\u00e7as no C\u00f3digo de Processo Penal.<\/p>\n<p>Suave na nave: \u201cH\u00e1 um p\u00e1ssaro ancorado na chuva com asas pesadas para voar\u201d (Maria Helena Sleutjes). Bom dia.<\/p>\n<p><img loading=\"lazy\" decoding=\"async\" class=\"aligncenter size-full wp-image-163424\" src=\"https:\/\/diarioregionaldigital.com.br\/wp-content\/uploads\/2020\/06\/anuncio73-scaled.jpg\" alt=\"\" width=\"2560\" height=\"965\" srcset=\"https:\/\/diarioregionaldigital.com.br\/wp-content\/uploads\/2020\/06\/anuncio73-scaled.jpg 2560w, https:\/\/diarioregionaldigital.com.br\/wp-content\/uploads\/2020\/06\/anuncio73-300x113.jpg 300w, https:\/\/diarioregionaldigital.com.br\/wp-content\/uploads\/2020\/06\/anuncio73-1024x386.jpg 1024w, https:\/\/diarioregionaldigital.com.br\/wp-content\/uploads\/2020\/06\/anuncio73-768x290.jpg 768w, https:\/\/diarioregionaldigital.com.br\/wp-content\/uploads\/2020\/06\/anuncio73-1536x579.jpg 1536w, https:\/\/diarioregionaldigital.com.br\/wp-content\/uploads\/2020\/06\/anuncio73-2048x772.jpg 2048w, https:\/\/diarioregionaldigital.com.br\/wp-content\/uploads\/2020\/06\/anuncio73-360x136.jpg 360w\" sizes=\"auto, (max-width: 2560px) 100vw, 2560px\" \/><\/p>\n<p>&nbsp;<\/p>\n","protected":false},"excerpt":{"rendered":"<p>Voando Baixo Com a crise da pandemia do novo Coronav\u00edrus a previs\u00e3o das empresas a\u00e9reas de chegar ao fim de junho com 350 voos di\u00e1rios no mercado dom\u00e9stico. Para que o leitor compare: eram 2,7 mil voos por dia no Brasil em fevereiro, e em abril, o pior momento, foram apenas 180. Sucesso A plataforma [&hellip;]<\/p>\n","protected":false},"author":96,"featured_media":163428,"comment_status":"closed","ping_status":"closed","sticky":false,"template":"","format":"standard","meta":{"footnotes":""},"categories":[264],"tags":[],"class_list":["post-163425","post","type-post","status-publish","format-standard","has-post-thumbnail","hentry","category-eduardo-gomes"],"_links":{"self":[{"href":"https:\/\/diarioregionaldigital.com.br\/index.php?rest_route=\/wp\/v2\/posts\/163425","targetHints":{"allow":["GET"]}}],"collection":[{"href":"https:\/\/diarioregionaldigital.com.br\/index.php?rest_route=\/wp\/v2\/posts"}],"about":[{"href":"https:\/\/diarioregionaldigital.com.br\/index.php?rest_route=\/wp\/v2\/types\/post"}],"author":[{"embeddable":true,"href":"https:\/\/diarioregionaldigital.com.br\/index.php?rest_route=\/wp\/v2\/users\/96"}],"replies":[{"embeddable":true,"href":"https:\/\/diarioregionaldigital.com.br\/index.php?rest_route=%2Fwp%2Fv2%2Fcomments&post=163425"}],"version-history":[{"count":0,"href":"https:\/\/diarioregionaldigital.com.br\/index.php?rest_route=\/wp\/v2\/posts\/163425\/revisions"}],"wp:featuredmedia":[{"embeddable":true,"href":"https:\/\/diarioregionaldigital.com.br\/index.php?rest_route=\/wp\/v2\/media\/163428"}],"wp:attachment":[{"href":"https:\/\/diarioregionaldigital.com.br\/index.php?rest_route=%2Fwp%2Fv2%2Fmedia&parent=163425"}],"wp:term":[{"taxonomy":"category","embeddable":true,"href":"https:\/\/diarioregionaldigital.com.br\/index.php?rest_route=%2Fwp%2Fv2%2Fcategories&post=163425"},{"taxonomy":"post_tag","embeddable":true,"href":"https:\/\/diarioregionaldigital.com.br\/index.php?rest_route=%2Fwp%2Fv2%2Ftags&post=163425"}],"curies":[{"name":"wp","href":"https:\/\/api.w.org\/{rel}","templated":true}]}}