{"id":163418,"date":"2020-06-29T21:54:46","date_gmt":"2020-06-30T00:54:46","guid":{"rendered":"https:\/\/diarioregionaldigital.com.br\/?p=163418"},"modified":"2020-06-29T21:54:46","modified_gmt":"2020-06-30T00:54:46","slug":"brasil-registra-692-obitos-por-covid-19-nas-ultimas-24-horas","status":"publish","type":"post","link":"https:\/\/diarioregionaldigital.com.br\/?p=163418","title":{"rendered":"Brasil registra 692 \u00f3bitos por covid-19 nas \u00faltimas 24 horas"},"content":{"rendered":"<p>Com 692 novos \u00f3bitos, registrados nas \u00faltimas 24 horas, sobe para 58.314 o total de mortes em fun\u00e7\u00e3o da pandemia do novo coronav\u00edrus no Brasil.\u00a0O n\u00famero foi divulgado na atualiza\u00e7\u00e3o di\u00e1ria do Minist\u00e9rio da Sa\u00fade. O total representou um aumento de 1,2% em rela\u00e7\u00e3o a\u00a0ontem\u00a0(28), quando o balan\u00e7o marcou 57.622 falecimentos totais em decorr\u00eancia da covid-19. Para se ter uma ideia do que o n\u00famero representa, a soma \u00e9 maior do que a capacidade de conhecidos est\u00e1dios brasileiros, como Beira Rio e Arena do Gr\u00eamio, em Porto Alegre, e Arena Fonte Nova, em Salvador.<img decoding=\"async\" src=\"https:\/\/agenciabrasil.ebc.com.br\/ebc.png?id=1310534&amp;o=node\" \/><\/p>\n<p>Ainda conforme o Minist\u00e9rio da Sa\u00fade, nas \u00faltimas 24 horas foram adicionadas \u00e0s estat\u00edsticas mais 24.052 casos confirmados de covid-19. Com isso, o Brasil atinge 1.368.195 milh\u00f5es de casos acumulados da doen\u00e7a.<\/p>\n<p>A taxa de letalidade (n\u00famero de mortes pelo total de casos) ficou em 4,3%. A mortalidade (quantidade de \u00f3bitos por 100 mil habitantes) atingiu 27,7. A incid\u00eancia dos casos de covid-19 por 100 mil habitantes \u00e9 de 651,1.<\/p>\n<p>O balan\u00e7o do Minist\u00e9rio da Sa\u00fade aponta\u00a0552.419 pacientes ainda em observa\u00e7\u00e3o, enquanto o total de recuperados desde o in\u00edcio da pandemia totaliza 757.462.<\/p>\n<p><strong>Regi\u00f5es mais afetadas pelo novo coronav\u00edrus<\/strong><\/p>\n<p>A regi\u00e3o com mais \u00f3bitos por covid-19\u00a0\u00e9 o Sudeste, com 26.807. \u00c9 nela onde est\u00e3o os dois estados com maior n\u00famero de v\u00edtimas:\u00a0S\u00e3o Paulo (14.398) e Rio\u00a0de Janeiro\u00a0(9.848). Em seguida vem\u00a0a regi\u00e3o\u00a0Nordeste, com 18.923 v\u00edtimas\u00a0da doen\u00e7a. Os estados nordestinos com mais v\u00edtimas\u00a0s\u00e3o Cear\u00e1 (6.076) e Pernambuco (4.782).<\/p>\n<p><strong>Fonte:\u00a0<\/strong>Ag\u00eancia Brasil<\/p>\n","protected":false},"excerpt":{"rendered":"<p>Com 692 novos \u00f3bitos, registrados nas \u00faltimas 24 horas, sobe para 58.314 o total de mortes em fun\u00e7\u00e3o da pandemia do novo coronav\u00edrus no Brasil.\u00a0O n\u00famero foi divulgado na atualiza\u00e7\u00e3o di\u00e1ria do Minist\u00e9rio da Sa\u00fade. O total representou um aumento de 1,2% em rela\u00e7\u00e3o a\u00a0ontem\u00a0(28), quando o balan\u00e7o marcou 57.622 falecimentos totais em decorr\u00eancia da [&hellip;]<\/p>\n","protected":false},"author":96,"featured_media":163419,"comment_status":"closed","ping_status":"closed","sticky":false,"template":"","format":"standard","meta":{"footnotes":""},"categories":[302,436,440,439],"tags":[],"class_list":["post-163418","post","type-post","status-publish","format-standard","has-post-thumbnail","hentry","category-brasil-mundo","category-destaque-da-semana","category-destaques-do-dia","category-ultima-hora"],"_links":{"self":[{"href":"https:\/\/diarioregionaldigital.com.br\/index.php?rest_route=\/wp\/v2\/posts\/163418","targetHints":{"allow":["GET"]}}],"collection":[{"href":"https:\/\/diarioregionaldigital.com.br\/index.php?rest_route=\/wp\/v2\/posts"}],"about":[{"href":"https:\/\/diarioregionaldigital.com.br\/index.php?rest_route=\/wp\/v2\/types\/post"}],"author":[{"embeddable":true,"href":"https:\/\/diarioregionaldigital.com.br\/index.php?rest_route=\/wp\/v2\/users\/96"}],"replies":[{"embeddable":true,"href":"https:\/\/diarioregionaldigital.com.br\/index.php?rest_route=%2Fwp%2Fv2%2Fcomments&post=163418"}],"version-history":[{"count":0,"href":"https:\/\/diarioregionaldigital.com.br\/index.php?rest_route=\/wp\/v2\/posts\/163418\/revisions"}],"wp:featuredmedia":[{"embeddable":true,"href":"https:\/\/diarioregionaldigital.com.br\/index.php?rest_route=\/wp\/v2\/media\/163419"}],"wp:attachment":[{"href":"https:\/\/diarioregionaldigital.com.br\/index.php?rest_route=%2Fwp%2Fv2%2Fmedia&parent=163418"}],"wp:term":[{"taxonomy":"category","embeddable":true,"href":"https:\/\/diarioregionaldigital.com.br\/index.php?rest_route=%2Fwp%2Fv2%2Fcategories&post=163418"},{"taxonomy":"post_tag","embeddable":true,"href":"https:\/\/diarioregionaldigital.com.br\/index.php?rest_route=%2Fwp%2Fv2%2Ftags&post=163418"}],"curies":[{"name":"wp","href":"https:\/\/api.w.org\/{rel}","templated":true}]}}