{"id":163407,"date":"2020-06-29T19:09:09","date_gmt":"2020-06-29T22:09:09","guid":{"rendered":"https:\/\/diarioregionaldigital.com.br\/?p=163407"},"modified":"2020-06-29T19:09:09","modified_gmt":"2020-06-29T22:09:09","slug":"boletim-covid-19-juiz-de-fora-confirma-55o-obito-e-mais-48-novos-casos","status":"publish","type":"post","link":"https:\/\/diarioregionaldigital.com.br\/?p=163407","title":{"rendered":"Boletim Covid-19 &#8211; Juiz de Fora confirma 55\u00ba \u00f3bito e mais 48 novos casos"},"content":{"rendered":"<div id=\"box_texto_noticia\">A Secretaria de Sa\u00fade (SS) da Prefeitura de Juiz de Fora (PJF) registrou nesta segunda-feira, 29, o 55\u00ba \u00f3bito pelo novo coronav\u00edrus no munic\u00edpio. A v\u00edtima \u00e9 uma idosa de 93 anos que morreu no s\u00e1bado, 27. Ela tinha Doen\u00e7a Cardiovascular Cr\u00f4nica (DCC) e Doen\u00e7a Renal Cr\u00f4nica (DRC).\u00a0<b>Todos os dados s\u00e3o referentes a moradores de Juiz de Fora.<\/b><\/p>\n<p>O Boletim Epidemiol\u00f3gico ainda confirmou 48 pessoas infectadas, totalizando 1.669 novos casos. Com as atualiza\u00e7\u00f5es, 129 novas suspeitas foram registradas, contabilizando 7.774. Tr\u00eas \u00f3bitos est\u00e3o sendo investigados.<\/p>\n<p><b>Boletim desta segunda, 29<\/b><\/p>\n<p>&#8211; 7.774 suspeitos<br \/>\n&#8211; 1.669 confirmados<br \/>\n&#8211; 55 \u00f3bitos confirmados<br \/>\n&#8211; 3 \u00f3bitos em investiga\u00e7\u00e3o<\/p><\/div>\n<div><\/div>\n<div><strong>Fonte:<\/strong> Assessoria<\/div>\n<p>&nbsp;<\/p>\n<div id=\"box_compartilhar\" align=\"right\"><\/div>\n<div align=\"right\"><\/div>\n","protected":false},"excerpt":{"rendered":"<p>A Secretaria de Sa\u00fade (SS) da Prefeitura de Juiz de Fora (PJF) registrou nesta segunda-feira, 29, o 55\u00ba \u00f3bito pelo novo coronav\u00edrus no munic\u00edpio. A v\u00edtima \u00e9 uma idosa de 93 anos que morreu no s\u00e1bado, 27. Ela tinha Doen\u00e7a Cardiovascular Cr\u00f4nica (DCC) e Doen\u00e7a Renal Cr\u00f4nica (DRC).\u00a0Todos os dados s\u00e3o referentes a moradores de [&hellip;]<\/p>\n","protected":false},"author":96,"featured_media":162518,"comment_status":"closed","ping_status":"closed","sticky":false,"template":"","format":"standard","meta":{"footnotes":""},"categories":[253,436,440,439],"tags":[],"class_list":["post-163407","post","type-post","status-publish","format-standard","has-post-thumbnail","hentry","category-cidade","category-destaque-da-semana","category-destaques-do-dia","category-ultima-hora"],"_links":{"self":[{"href":"https:\/\/diarioregionaldigital.com.br\/index.php?rest_route=\/wp\/v2\/posts\/163407","targetHints":{"allow":["GET"]}}],"collection":[{"href":"https:\/\/diarioregionaldigital.com.br\/index.php?rest_route=\/wp\/v2\/posts"}],"about":[{"href":"https:\/\/diarioregionaldigital.com.br\/index.php?rest_route=\/wp\/v2\/types\/post"}],"author":[{"embeddable":true,"href":"https:\/\/diarioregionaldigital.com.br\/index.php?rest_route=\/wp\/v2\/users\/96"}],"replies":[{"embeddable":true,"href":"https:\/\/diarioregionaldigital.com.br\/index.php?rest_route=%2Fwp%2Fv2%2Fcomments&post=163407"}],"version-history":[{"count":0,"href":"https:\/\/diarioregionaldigital.com.br\/index.php?rest_route=\/wp\/v2\/posts\/163407\/revisions"}],"wp:featuredmedia":[{"embeddable":true,"href":"https:\/\/diarioregionaldigital.com.br\/index.php?rest_route=\/wp\/v2\/media\/162518"}],"wp:attachment":[{"href":"https:\/\/diarioregionaldigital.com.br\/index.php?rest_route=%2Fwp%2Fv2%2Fmedia&parent=163407"}],"wp:term":[{"taxonomy":"category","embeddable":true,"href":"https:\/\/diarioregionaldigital.com.br\/index.php?rest_route=%2Fwp%2Fv2%2Fcategories&post=163407"},{"taxonomy":"post_tag","embeddable":true,"href":"https:\/\/diarioregionaldigital.com.br\/index.php?rest_route=%2Fwp%2Fv2%2Ftags&post=163407"}],"curies":[{"name":"wp","href":"https:\/\/api.w.org\/{rel}","templated":true}]}}