{"id":163371,"date":"2020-06-29T14:32:53","date_gmt":"2020-06-29T17:32:53","guid":{"rendered":"https:\/\/diarioregionaldigital.com.br\/?p=163371"},"modified":"2020-06-29T14:32:53","modified_gmt":"2020-06-29T17:32:53","slug":"confederacao-brasileira-de-atletismo-divulga-novo-calendario-de-2020","status":"publish","type":"post","link":"https:\/\/diarioregionaldigital.com.br\/?p=163371","title":{"rendered":"Confedera\u00e7\u00e3o Brasileira de Atletismo divulga novo calend\u00e1rio de 2020"},"content":{"rendered":"<p><span style=\"font-weight: 400;\">A Confedera\u00e7\u00e3o Brasileira de Atletismo (CBAt) anunciou o calend\u00e1rio oficial de competi\u00e7\u00f5es de 2020, definido pelo Conselho T\u00e9cnico da entidade, sempre levando em conta as restri\u00e7\u00f5es provocadas pela pandemia da Covid-19. Os dois principais eventos \u2013 Trof\u00e9u Brasil e Grande Pr\u00eamio Brasil \u2013 est\u00e3o previstos para o m\u00eas de dezembro.<\/span><\/p>\n<p><span style=\"font-weight: 400;\">Tamb\u00e9m est\u00e3o previstos os Campeonatos Brasileiros das categorias Sub-16, Sub-18, Sub-20 e Sub-23, para os meses de setembro, outubro e novembro.<\/span><\/p>\n<p><span style=\"font-weight: 400;\">Foram adiados para 2021, pelas entidades internacionais respons\u00e1veis, os Jogos Ol\u00edmpicos T\u00f3quio \u2013 ser\u00e3o de 23 de julho a 8 de agosto \u2013 e os Campeonatos Mundiais Indoor, de Marcha Atl\u00e9tica e Sub-20, os dois \u00faltimos ainda com data a definir.<\/span><\/p>\n<p><span style=\"font-weight: 400;\">Foram cancelados o Desafio CBAt\/CPB (todas as etapas), as Copas Brasil de Provas Combinadas e de Meio-Fundo e Fundo, o Campeonato Ibero-Americano, o Mundial de 100km e os Jogos Escolares da Juventude.<\/span><\/p>\n<p><b>O calend\u00e1rio ainda est\u00e1 sujeito a altera\u00e7\u00f5es em fun\u00e7\u00e3o do seguinte:<\/b><\/p>\n<p><span style=\"font-weight: 400;\">Elei\u00e7\u00f5es Municipais: assim que o Tribunal Superior Eleitoral definir a data do 1\u00ba e 2\u00ba turnos das elei\u00e7\u00f5es, caso seja necess\u00e1rio, os eventos da CBAt dever\u00e3o ser realocados para outras datas.<\/span><\/p>\n<p><span style=\"font-weight: 400;\">Campeonatos Sul-Americanos: est\u00e3o previstos para serem realizados os torneios das categorias Sub-18 e Sub-23, que ainda n\u00e3o foram marcados em virtude da restri\u00e7\u00e3o no deslocamento de pessoas no continente sul-americano. Na medida em que estes eventos tiverem suas datas definidas, os eventos da CBAt das categorias correspondentes poder\u00e3o ser realocados para datas compat\u00edveis.<\/span><\/p>\n<p><b>Calend\u00e1rio Oficial<\/b><\/p>\n<p><b>Setembro<\/b><\/p>\n<p><span style=\"font-weight: 400;\">18 a 20 \u2013 Brasileiro de Atletismo Sub-18*<\/span><\/p>\n<p><b>Outubro<\/b><\/p>\n<p><span style=\"font-weight: 400;\">2 a 4 \u2013 Brasileiro de Atletismo Sub-23*<\/span><\/p>\n<p><span style=\"font-weight: 400;\">16 a 18 \u2013 Brasileiro de Atletismo Sub-16*<\/span><\/p>\n<p><span style=\"font-weight: 400;\">17 \u2013 Mundial de Meia-Maratona \u2013 Gdynia (POL)<\/span><\/p>\n<p><b>Novembro<\/b><\/p>\n<p><span style=\"font-weight: 400;\">6 a 8 \u2013 Brasileiro Caixa Sub-20 \u2013 Cuiab\u00e1 (MT)<\/span><\/p>\n<p><b>Dezembro<\/b><\/p>\n<p><span style=\"font-weight: 400;\">6 \u2013 Grande Pr\u00eamio Brasil*<\/span><\/p>\n<p><span style=\"font-weight: 400;\">10 a 13 \u2013 Trof\u00e9u Brasil Caixa*<\/span><\/p>\n<p><span style=\"font-weight: 400;\">*Sem locais definidos<\/span><\/p>\n<p><b>Eventos sem data definida<\/b><\/p>\n<p><span style=\"font-weight: 400;\">Trof\u00e9u Norte-Nordeste Adulto \u2013 Recife (PE)<\/span><\/p>\n<p><span style=\"font-weight: 400;\">Trof\u00e9u Norte-Nordeste Sub-18 \u2013 Natal (RN)<\/span><\/p>\n<p><span style=\"font-weight: 400;\">Trof\u00e9u Norte-Nordeste Sub-16 \u2013 Recife (PE)<\/span><\/p>\n<p><span style=\"font-weight: 400;\">Sul-Americano Sub-18 \u2013 Encarnaci\u00f3n (PAR)<\/span><\/p>\n<p><span style=\"font-weight: 400;\">Sul-Americano Sub-23 \u2013 Georgetown (GUY)<\/span><\/p>\n<p><b>Eventos adiados para 2021<\/b><\/p>\n<p><span style=\"font-weight: 400;\">Jogos Ol\u00edmpicos \u2013 23 de julho a 8 de agosto \u2013 T\u00f3quio (JPN)<\/span><\/p>\n<p><span style=\"font-weight: 400;\">Mundial de Atletismo Indoor \u2013 19 a 21 de mar\u00e7o \u2013 Nanjing (CHN)<\/span><\/p>\n<p><span style=\"font-weight: 400;\">Mundial de Marcha Atl\u00e9tica por Equipes \u2013 sem data \u2013 Minsk (BLR)<\/span><\/p>\n<p><span style=\"font-weight: 400;\">Mundial de Atletismo Sub-20 \u2013 sem data \u2013 Nair\u00f3bi (KEN)<\/span><\/p>\n<p><b>Eventos cancelados em car\u00e1ter definitivo<\/b><\/p>\n<p><span style=\"font-weight: 400;\">Desafio CBAt\/CPB \u2013 1\u00aa etapa \u2013 S\u00e3o Paulo (SP)<\/span><\/p>\n<p><span style=\"font-weight: 400;\">Desafio CBAt\/CPB \u2013 2\u00aa etapa \u2013 S\u00e3o Paulo (SP)<\/span><\/p>\n<p><span style=\"font-weight: 400;\">Desafio CBAt\/CPB \u2013 3\u00aa etapa \u2013 S\u00e3o Paulo (SP)<\/span><\/p>\n<p><span style=\"font-weight: 400;\">Copa Brasil Caixa Provas Combinadas, Meio-fundo e Fundo \u2013 Bragan\u00e7a Paulista (SP)<\/span><\/p>\n<p><span style=\"font-weight: 400;\">Campeonato Ibero-Americano \u2013 Tenerife (ESP)<\/span><\/p>\n<p><span style=\"font-weight: 400;\">Mundial de Ultramaratona \u2013 100 km \u2013 Winschoten (NED)<\/span><\/p>\n<p><strong>Fonte:<\/strong> Assessoria<\/p>\n","protected":false},"excerpt":{"rendered":"<p>A Confedera\u00e7\u00e3o Brasileira de Atletismo (CBAt) anunciou o calend\u00e1rio oficial de competi\u00e7\u00f5es de 2020, definido pelo Conselho T\u00e9cnico da entidade, sempre levando em conta as restri\u00e7\u00f5es provocadas pela pandemia da Covid-19. Os dois principais eventos \u2013 Trof\u00e9u Brasil e Grande Pr\u00eamio Brasil \u2013 est\u00e3o previstos para o m\u00eas de dezembro. Tamb\u00e9m est\u00e3o previstos os Campeonatos [&hellip;]<\/p>\n","protected":false},"author":96,"featured_media":163372,"comment_status":"closed","ping_status":"closed","sticky":false,"template":"","format":"standard","meta":{"footnotes":""},"categories":[436,257,439],"tags":[],"class_list":["post-163371","post","type-post","status-publish","format-standard","has-post-thumbnail","hentry","category-destaque-da-semana","category-esporte","category-ultima-hora"],"_links":{"self":[{"href":"https:\/\/diarioregionaldigital.com.br\/index.php?rest_route=\/wp\/v2\/posts\/163371","targetHints":{"allow":["GET"]}}],"collection":[{"href":"https:\/\/diarioregionaldigital.com.br\/index.php?rest_route=\/wp\/v2\/posts"}],"about":[{"href":"https:\/\/diarioregionaldigital.com.br\/index.php?rest_route=\/wp\/v2\/types\/post"}],"author":[{"embeddable":true,"href":"https:\/\/diarioregionaldigital.com.br\/index.php?rest_route=\/wp\/v2\/users\/96"}],"replies":[{"embeddable":true,"href":"https:\/\/diarioregionaldigital.com.br\/index.php?rest_route=%2Fwp%2Fv2%2Fcomments&post=163371"}],"version-history":[{"count":0,"href":"https:\/\/diarioregionaldigital.com.br\/index.php?rest_route=\/wp\/v2\/posts\/163371\/revisions"}],"wp:featuredmedia":[{"embeddable":true,"href":"https:\/\/diarioregionaldigital.com.br\/index.php?rest_route=\/wp\/v2\/media\/163372"}],"wp:attachment":[{"href":"https:\/\/diarioregionaldigital.com.br\/index.php?rest_route=%2Fwp%2Fv2%2Fmedia&parent=163371"}],"wp:term":[{"taxonomy":"category","embeddable":true,"href":"https:\/\/diarioregionaldigital.com.br\/index.php?rest_route=%2Fwp%2Fv2%2Fcategories&post=163371"},{"taxonomy":"post_tag","embeddable":true,"href":"https:\/\/diarioregionaldigital.com.br\/index.php?rest_route=%2Fwp%2Fv2%2Ftags&post=163371"}],"curies":[{"name":"wp","href":"https:\/\/api.w.org\/{rel}","templated":true}]}}