{"id":163368,"date":"2020-06-29T14:28:05","date_gmt":"2020-06-29T17:28:05","guid":{"rendered":"https:\/\/diarioregionaldigital.com.br\/?p=163368"},"modified":"2020-06-29T14:28:05","modified_gmt":"2020-06-29T17:28:05","slug":"planejo-chegar-a-toquio-na-melhor-forma-e-lutar-por-uma-medalha-diz-hugo-calderado-em-entrevista-para-o-coi","status":"publish","type":"post","link":"https:\/\/diarioregionaldigital.com.br\/?p=163368","title":{"rendered":"&#8220;Planejo chegar a T\u00f3quio na melhor forma e lutar por uma medalha&#8221; diz Hugo Calderado em entrevista para o COI"},"content":{"rendered":"<p><span style=\"font-weight: 400;\">Se preparando para disputar os Jogos Ol\u00edmpicos de T\u00f3quio, que foram adiadas para o pr\u00f3ximo ano em decorr\u00eancia da pandemia do Coronav\u00edrus, o mesatenista Hugo Calderano, concedeu uma entrevista para o Comit\u00ea Ol\u00edmpico Internacional (COI), falando sobre a expectativa para os jogos e tamb\u00e9m sobre a epidemia da doen\u00e7a. Atualmente o atleta brasileiro vive na Alemanha e joga no TTF Ochsenhausen Club.\u00a0<\/span><\/p>\n<p><span style=\"font-weight: 400;\">No in\u00edcio da entrevista, Calderano relata sobre o sentimento ao receber a not\u00edcia do adiamento dos jogos e tamb\u00e9m fala sobre a sua atual rotina em meio a pandemia mundial:<\/span><\/p>\n<p><span style=\"font-weight: 400;\">\u201cNo come\u00e7o, fiquei frustrado, mas sabia que n\u00e3o havia outra op\u00e7\u00e3o, considerando tudo o que o mundo est\u00e1 passando. Consegui me manter positivo e motivado para praticar. minha rotina n\u00e3o foi profundamente afetada, especialmente desde que come\u00e7amos a praticar novamente, cerca de um m\u00eas atr\u00e1s. Mas o maior desafio foi acompanhar as not\u00edcias do que est\u00e1 acontecendo com as pessoas no mundo &#8211; especialmente no Brasil &#8211; e tentar manter uma atitude positiva em rela\u00e7\u00e3o ao que est\u00e1 por vir. \u201d<\/span><\/p>\n<p><span style=\"font-weight: 400;\">Mesmo diante da atual situa\u00e7\u00e3o pelo mundo, Calderano diz que a pandemia permitiu que ficasse em casa, pois para ele, a programa\u00e7\u00e3o do t\u00eanis de mesa e de atleta \u00e9 muito movimentada, com direito a viagens para diversos cantos do planeta:<\/span><\/p>\n<p><span style=\"font-weight: 400;\">\u201cEssa parte foi realmente positiva. A programa\u00e7\u00e3o do t\u00eanis de mesa \u00e9 muito movimentada, com o circuito internacional e as partidas da Liga Alem\u00e3. Eu raramente tenho a chance de ficar em casa e ter uma s\u00e9rie de exerc\u00edcios. Estou pronto para voltar \u00e0s competi\u00e7\u00f5es agora. Tenho saudade&#8221; diz Calderano que fala tamb\u00e9m que a pandemia permitiu que ele ficasse perto da m\u00e3e \u201cEla esteve aqui em mar\u00e7o e n\u00e3o conseguiu voltar ao Brasil. \u00c9 um b\u00f4nus ter a chance de passar tanto tempo com ela depois de 10 anos vivendo separados. \u201d<\/span><\/p>\n<p><span style=\"font-weight: 400;\">Quanto \u00e0 quest\u00e3o da rotina de treinamento, Calderano relata que no in\u00edcio da pandemia, sua equipe n\u00e3o p\u00f4de treinar no sal\u00e3o por algumas semanas. Diante disso, o treino teve que ser adaptado para ser feito em casa:<\/span><\/p>\n<p><span style=\"font-weight: 400;\">\u201cN\u00e3o fomos autorizados a ir ao sal\u00e3o por algumas semanas e tentei adaptar alguns treinos em casa. Eu trouxe uma mesa de t\u00eanis de mesa para o meu apartamento e alguns equipamentos para malhar. N\u00e3o era poss\u00edvel manter o mesmo tipo de pr\u00e1tica com que estou acostumado, mas tentei aproveitar o tempo para trabalhar em algumas coisas em que normalmente n\u00e3o tenho tempo para trabalhar.\u201d<\/span><\/p>\n<p><span style=\"font-weight: 400;\">Sobre a prepara\u00e7\u00e3o para os Jogos Ol\u00edmpicos, Calderano diz que busca conquistar a medalha e tamb\u00e9m fala sobre ter mais tempo de prepara\u00e7\u00e3o:<\/span><\/p>\n<p><span style=\"font-weight: 400;\">&#8220;Planejo chegar a T\u00f3quio em sua melhor forma e lutar por uma medalha. Certamente farei o melhor uso poss\u00edvel do tempo extra\u201d diz Calderano e finaliza a entrevista falando da meta atual &#8220;Neste momento, minha esperan\u00e7a \u00e9 que o mundo consiga derrotar o novo coronav\u00edrus e que os Jogos sigam em frente como planejado&#8221; conclui.\u00a0<\/span><\/p>\n<p>&nbsp;<\/p>\n","protected":false},"excerpt":{"rendered":"<p>Se preparando para disputar os Jogos Ol\u00edmpicos de T\u00f3quio, que foram adiadas para o pr\u00f3ximo ano em decorr\u00eancia da pandemia do Coronav\u00edrus, o mesatenista Hugo Calderano, concedeu uma entrevista para o Comit\u00ea Ol\u00edmpico Internacional (COI), falando sobre a expectativa para os jogos e tamb\u00e9m sobre a epidemia da doen\u00e7a. Atualmente o atleta brasileiro vive na [&hellip;]<\/p>\n","protected":false},"author":96,"featured_media":163369,"comment_status":"closed","ping_status":"closed","sticky":false,"template":"","format":"standard","meta":{"footnotes":""},"categories":[436,257,439],"tags":[],"class_list":["post-163368","post","type-post","status-publish","format-standard","has-post-thumbnail","hentry","category-destaque-da-semana","category-esporte","category-ultima-hora"],"_links":{"self":[{"href":"https:\/\/diarioregionaldigital.com.br\/index.php?rest_route=\/wp\/v2\/posts\/163368","targetHints":{"allow":["GET"]}}],"collection":[{"href":"https:\/\/diarioregionaldigital.com.br\/index.php?rest_route=\/wp\/v2\/posts"}],"about":[{"href":"https:\/\/diarioregionaldigital.com.br\/index.php?rest_route=\/wp\/v2\/types\/post"}],"author":[{"embeddable":true,"href":"https:\/\/diarioregionaldigital.com.br\/index.php?rest_route=\/wp\/v2\/users\/96"}],"replies":[{"embeddable":true,"href":"https:\/\/diarioregionaldigital.com.br\/index.php?rest_route=%2Fwp%2Fv2%2Fcomments&post=163368"}],"version-history":[{"count":0,"href":"https:\/\/diarioregionaldigital.com.br\/index.php?rest_route=\/wp\/v2\/posts\/163368\/revisions"}],"wp:featuredmedia":[{"embeddable":true,"href":"https:\/\/diarioregionaldigital.com.br\/index.php?rest_route=\/wp\/v2\/media\/163369"}],"wp:attachment":[{"href":"https:\/\/diarioregionaldigital.com.br\/index.php?rest_route=%2Fwp%2Fv2%2Fmedia&parent=163368"}],"wp:term":[{"taxonomy":"category","embeddable":true,"href":"https:\/\/diarioregionaldigital.com.br\/index.php?rest_route=%2Fwp%2Fv2%2Fcategories&post=163368"},{"taxonomy":"post_tag","embeddable":true,"href":"https:\/\/diarioregionaldigital.com.br\/index.php?rest_route=%2Fwp%2Fv2%2Ftags&post=163368"}],"curies":[{"name":"wp","href":"https:\/\/api.w.org\/{rel}","templated":true}]}}