{"id":163359,"date":"2020-06-29T11:32:09","date_gmt":"2020-06-29T14:32:09","guid":{"rendered":"https:\/\/diarioregionaldigital.com.br\/?p=163359"},"modified":"2020-06-29T11:32:09","modified_gmt":"2020-06-29T14:32:09","slug":"pm-realiza-operacao-de-combate-ao-trafico-de-drogas-e-cumpre-nove-mandados-em-pirapetinga","status":"publish","type":"post","link":"https:\/\/diarioregionaldigital.com.br\/?p=163359","title":{"rendered":"PM realiza opera\u00e7\u00e3o de combate ao tr\u00e1fico de drogas e cumpre nove mandados em Pirapetinga"},"content":{"rendered":"<p>Na tarde de seta-feira (26), a Pol\u00edcia Militar (PM) realizou opera\u00e7\u00e3o de combate ao tr\u00e1fico de drogas e cumpriu um total de nove mandados de busca e apreens\u00e3o em Pirapetinga. A a\u00e7\u00e3o contou com 22 militares e resultou na pris\u00e3o de tr\u00eas autores, apreens\u00e3o de 261 pinos de coca\u00edna, 77 buchas de maconha, uma bucha de coca\u00edna, um tablete de maconha, uma agenda contendo informa\u00e7\u00f5es referentes ao tr\u00e1fico, seis celulares e R$ 1.472,00 em dinheiro.<\/p>\n","protected":false},"excerpt":{"rendered":"<p>Na tarde de seta-feira (26), a Pol\u00edcia Militar (PM) realizou opera\u00e7\u00e3o de combate ao tr\u00e1fico de drogas e cumpriu um total de nove mandados de busca e apreens\u00e3o em Pirapetinga. A a\u00e7\u00e3o contou com 22 militares e resultou na pris\u00e3o de tr\u00eas autores, apreens\u00e3o de 261 pinos de coca\u00edna, 77 buchas de maconha, uma bucha [&hellip;]<\/p>\n","protected":false},"author":96,"featured_media":163360,"comment_status":"closed","ping_status":"closed","sticky":false,"template":"","format":"standard","meta":{"footnotes":""},"categories":[301,436,439],"tags":[],"class_list":["post-163359","post","type-post","status-publish","format-standard","has-post-thumbnail","hentry","category-artigos-policiais","category-destaque-da-semana","category-ultima-hora"],"_links":{"self":[{"href":"https:\/\/diarioregionaldigital.com.br\/index.php?rest_route=\/wp\/v2\/posts\/163359","targetHints":{"allow":["GET"]}}],"collection":[{"href":"https:\/\/diarioregionaldigital.com.br\/index.php?rest_route=\/wp\/v2\/posts"}],"about":[{"href":"https:\/\/diarioregionaldigital.com.br\/index.php?rest_route=\/wp\/v2\/types\/post"}],"author":[{"embeddable":true,"href":"https:\/\/diarioregionaldigital.com.br\/index.php?rest_route=\/wp\/v2\/users\/96"}],"replies":[{"embeddable":true,"href":"https:\/\/diarioregionaldigital.com.br\/index.php?rest_route=%2Fwp%2Fv2%2Fcomments&post=163359"}],"version-history":[{"count":0,"href":"https:\/\/diarioregionaldigital.com.br\/index.php?rest_route=\/wp\/v2\/posts\/163359\/revisions"}],"wp:featuredmedia":[{"embeddable":true,"href":"https:\/\/diarioregionaldigital.com.br\/index.php?rest_route=\/wp\/v2\/media\/163360"}],"wp:attachment":[{"href":"https:\/\/diarioregionaldigital.com.br\/index.php?rest_route=%2Fwp%2Fv2%2Fmedia&parent=163359"}],"wp:term":[{"taxonomy":"category","embeddable":true,"href":"https:\/\/diarioregionaldigital.com.br\/index.php?rest_route=%2Fwp%2Fv2%2Fcategories&post=163359"},{"taxonomy":"post_tag","embeddable":true,"href":"https:\/\/diarioregionaldigital.com.br\/index.php?rest_route=%2Fwp%2Fv2%2Ftags&post=163359"}],"curies":[{"name":"wp","href":"https:\/\/api.w.org\/{rel}","templated":true}]}}