{"id":163202,"date":"2020-06-26T10:52:06","date_gmt":"2020-06-26T13:52:06","guid":{"rendered":"https:\/\/diarioregionaldigital.com.br\/?p=163202"},"modified":"2020-06-26T10:52:06","modified_gmt":"2020-06-26T13:52:06","slug":"vitima-e-rendida-dentro-da-residencia-durante-assalto-em-torreoes","status":"publish","type":"post","link":"https:\/\/diarioregionaldigital.com.br\/?p=163202","title":{"rendered":"V\u00edtima \u00e9 rendida dentro da resid\u00eancia durante assalto em Torre\u00f5es"},"content":{"rendered":"<p>Um homem de 34 anos, que por volta das 05:00h de quinta-feira (25), estava no curral tirando leite, quando foi surpreendido por dois indiv\u00edduos, na Estrada Pirapetinga no Bairro Torre\u00f5es (Regi\u00e3o Sul) em Juiz de Fora. Segundo relatos da v\u00edtima \u00e0 Pol\u00edcia Militar (PM), um dos autores estava armado com rev\u00f3lver. Ap\u00f3s abordagem, os autores levaram a v\u00edtima para dentro da resid\u00eancia e a mesma ficou amarrada em um c\u00f4modo. Os suspeitos reviraram todo o im\u00f3vel e encontraram R$ 370,00 em dinheiro, um celular, uma motocicleta e uma espingarda calibre 32.<\/p>\n<p>Segundo informa\u00e7\u00f5es de vizinhos locais, os dois suspeitos teriam fugido em duas motocicletas, em dire\u00e7\u00e3o ao Bairro Valadares em Lima Duarte. A Pol\u00edcia Militar (PM) realizou rastreamento mas n\u00e3o localizou os autores.<\/p>\n","protected":false},"excerpt":{"rendered":"<p>Um homem de 34 anos, que por volta das 05:00h de quinta-feira (25), estava no curral tirando leite, quando foi surpreendido por dois indiv\u00edduos, na Estrada Pirapetinga no Bairro Torre\u00f5es (Regi\u00e3o Sul) em Juiz de Fora. Segundo relatos da v\u00edtima \u00e0 Pol\u00edcia Militar (PM), um dos autores estava armado com rev\u00f3lver. Ap\u00f3s abordagem, os autores [&hellip;]<\/p>\n","protected":false},"author":96,"featured_media":163194,"comment_status":"closed","ping_status":"closed","sticky":false,"template":"","format":"standard","meta":{"footnotes":""},"categories":[301,436,439],"tags":[],"class_list":["post-163202","post","type-post","status-publish","format-standard","has-post-thumbnail","hentry","category-artigos-policiais","category-destaque-da-semana","category-ultima-hora"],"_links":{"self":[{"href":"https:\/\/diarioregionaldigital.com.br\/index.php?rest_route=\/wp\/v2\/posts\/163202","targetHints":{"allow":["GET"]}}],"collection":[{"href":"https:\/\/diarioregionaldigital.com.br\/index.php?rest_route=\/wp\/v2\/posts"}],"about":[{"href":"https:\/\/diarioregionaldigital.com.br\/index.php?rest_route=\/wp\/v2\/types\/post"}],"author":[{"embeddable":true,"href":"https:\/\/diarioregionaldigital.com.br\/index.php?rest_route=\/wp\/v2\/users\/96"}],"replies":[{"embeddable":true,"href":"https:\/\/diarioregionaldigital.com.br\/index.php?rest_route=%2Fwp%2Fv2%2Fcomments&post=163202"}],"version-history":[{"count":0,"href":"https:\/\/diarioregionaldigital.com.br\/index.php?rest_route=\/wp\/v2\/posts\/163202\/revisions"}],"wp:featuredmedia":[{"embeddable":true,"href":"https:\/\/diarioregionaldigital.com.br\/index.php?rest_route=\/wp\/v2\/media\/163194"}],"wp:attachment":[{"href":"https:\/\/diarioregionaldigital.com.br\/index.php?rest_route=%2Fwp%2Fv2%2Fmedia&parent=163202"}],"wp:term":[{"taxonomy":"category","embeddable":true,"href":"https:\/\/diarioregionaldigital.com.br\/index.php?rest_route=%2Fwp%2Fv2%2Fcategories&post=163202"},{"taxonomy":"post_tag","embeddable":true,"href":"https:\/\/diarioregionaldigital.com.br\/index.php?rest_route=%2Fwp%2Fv2%2Ftags&post=163202"}],"curies":[{"name":"wp","href":"https:\/\/api.w.org\/{rel}","templated":true}]}}