{"id":163200,"date":"2020-06-26T10:45:23","date_gmt":"2020-06-26T13:45:23","guid":{"rendered":"https:\/\/diarioregionaldigital.com.br\/?p=163200"},"modified":"2020-06-26T10:45:23","modified_gmt":"2020-06-26T13:45:23","slug":"suspeitos-invadem-lote-na-estrada-uniao-da-industria-em-juiz-de-fora","status":"publish","type":"post","link":"https:\/\/diarioregionaldigital.com.br\/?p=163200","title":{"rendered":"Suspeitos invadem lote na Estrada Uni\u00e3o da Ind\u00fastria em Juiz de Fora"},"content":{"rendered":"<p>Um grupo formado por diversos autores, sem quantidade informada, invadiu um lote na Estrada Uni\u00e3o da Ind\u00fastria, no Bairro Granjas Bethel, na noite de quinta-feira (25) em Juiz de Fora. A v\u00edtima, homem de 45 anos, relatou \u00e0 Pol\u00edcia Militar (PM), que os autores chegaram em duas motos e um ve\u00edculo de cor branca, sendo que todos eles estavam armados e um deles usava colete de motoboy. Os suspeitos pediram que a v\u00edtima abrisse um cofre, o qual seria utilizado para armazenar armas de fogo, no entanto havia somente um colete bal\u00edstico. O material foi levado e os autores fugiram do local, n\u00e3o sendo localizados posteriormente.<\/p>\n","protected":false},"excerpt":{"rendered":"<p>Um grupo formado por diversos autores, sem quantidade informada, invadiu um lote na Estrada Uni\u00e3o da Ind\u00fastria, no Bairro Granjas Bethel, na noite de quinta-feira (25) em Juiz de Fora. A v\u00edtima, homem de 45 anos, relatou \u00e0 Pol\u00edcia Militar (PM), que os autores chegaram em duas motos e um ve\u00edculo de cor branca, sendo [&hellip;]<\/p>\n","protected":false},"author":96,"featured_media":163194,"comment_status":"closed","ping_status":"closed","sticky":false,"template":"","format":"standard","meta":{"footnotes":""},"categories":[301,436,439],"tags":[],"class_list":["post-163200","post","type-post","status-publish","format-standard","has-post-thumbnail","hentry","category-artigos-policiais","category-destaque-da-semana","category-ultima-hora"],"_links":{"self":[{"href":"https:\/\/diarioregionaldigital.com.br\/index.php?rest_route=\/wp\/v2\/posts\/163200","targetHints":{"allow":["GET"]}}],"collection":[{"href":"https:\/\/diarioregionaldigital.com.br\/index.php?rest_route=\/wp\/v2\/posts"}],"about":[{"href":"https:\/\/diarioregionaldigital.com.br\/index.php?rest_route=\/wp\/v2\/types\/post"}],"author":[{"embeddable":true,"href":"https:\/\/diarioregionaldigital.com.br\/index.php?rest_route=\/wp\/v2\/users\/96"}],"replies":[{"embeddable":true,"href":"https:\/\/diarioregionaldigital.com.br\/index.php?rest_route=%2Fwp%2Fv2%2Fcomments&post=163200"}],"version-history":[{"count":0,"href":"https:\/\/diarioregionaldigital.com.br\/index.php?rest_route=\/wp\/v2\/posts\/163200\/revisions"}],"wp:featuredmedia":[{"embeddable":true,"href":"https:\/\/diarioregionaldigital.com.br\/index.php?rest_route=\/wp\/v2\/media\/163194"}],"wp:attachment":[{"href":"https:\/\/diarioregionaldigital.com.br\/index.php?rest_route=%2Fwp%2Fv2%2Fmedia&parent=163200"}],"wp:term":[{"taxonomy":"category","embeddable":true,"href":"https:\/\/diarioregionaldigital.com.br\/index.php?rest_route=%2Fwp%2Fv2%2Fcategories&post=163200"},{"taxonomy":"post_tag","embeddable":true,"href":"https:\/\/diarioregionaldigital.com.br\/index.php?rest_route=%2Fwp%2Fv2%2Ftags&post=163200"}],"curies":[{"name":"wp","href":"https:\/\/api.w.org\/{rel}","templated":true}]}}