{"id":163198,"date":"2020-06-26T10:39:03","date_gmt":"2020-06-26T13:39:03","guid":{"rendered":"https:\/\/diarioregionaldigital.com.br\/?p=163198"},"modified":"2020-06-26T13:30:19","modified_gmt":"2020-06-26T16:30:19","slug":"detento-morre-dentro-da-penitenciaria-ariosvaldo-campos-reis-no-bairro-linhares","status":"publish","type":"post","link":"https:\/\/diarioregionaldigital.com.br\/?p=163198","title":{"rendered":"Detento morre dentro da Penitenci\u00e1ria Ariosvaldo Campos Reis no Bairro Linhares"},"content":{"rendered":"<p>Um homem de 32 anos, matou seu companheiro de cela, dentro da Penitenci\u00e1ria Ariosvaldo Campos Reis no Bairro Linhares (Regi\u00e3o Leste), na noite de quinta-feira (26) em Juiz de Fora. Em relatos \u00e0 Pol\u00edcia Militar (PM), o autor diz havia sido transferido de cela, devido a desentendimento com outros detentos de outro pavilh\u00e3o. Diante disso, o mesmo foi colocado na mesma cela da v\u00edtima, que teria matado a esposa e filha do autor. O mesmo aproveitou a situa\u00e7\u00e3o e enforcou a v\u00edtima at\u00e9 a morte. Autor preso no local.<\/p>\n","protected":false},"excerpt":{"rendered":"<p>Um homem de 32 anos, matou seu companheiro de cela, dentro da Penitenci\u00e1ria Ariosvaldo Campos Reis no Bairro Linhares (Regi\u00e3o Leste), na noite de quinta-feira (26) em Juiz de Fora. Em relatos \u00e0 Pol\u00edcia Militar (PM), o autor diz havia sido transferido de cela, devido a desentendimento com outros detentos de outro pavilh\u00e3o. Diante disso, [&hellip;]<\/p>\n","protected":false},"author":96,"featured_media":163194,"comment_status":"closed","ping_status":"closed","sticky":false,"template":"","format":"standard","meta":{"footnotes":""},"categories":[301,436,440,439],"tags":[],"class_list":["post-163198","post","type-post","status-publish","format-standard","has-post-thumbnail","hentry","category-artigos-policiais","category-destaque-da-semana","category-destaques-do-dia","category-ultima-hora"],"_links":{"self":[{"href":"https:\/\/diarioregionaldigital.com.br\/index.php?rest_route=\/wp\/v2\/posts\/163198","targetHints":{"allow":["GET"]}}],"collection":[{"href":"https:\/\/diarioregionaldigital.com.br\/index.php?rest_route=\/wp\/v2\/posts"}],"about":[{"href":"https:\/\/diarioregionaldigital.com.br\/index.php?rest_route=\/wp\/v2\/types\/post"}],"author":[{"embeddable":true,"href":"https:\/\/diarioregionaldigital.com.br\/index.php?rest_route=\/wp\/v2\/users\/96"}],"replies":[{"embeddable":true,"href":"https:\/\/diarioregionaldigital.com.br\/index.php?rest_route=%2Fwp%2Fv2%2Fcomments&post=163198"}],"version-history":[{"count":0,"href":"https:\/\/diarioregionaldigital.com.br\/index.php?rest_route=\/wp\/v2\/posts\/163198\/revisions"}],"wp:featuredmedia":[{"embeddable":true,"href":"https:\/\/diarioregionaldigital.com.br\/index.php?rest_route=\/wp\/v2\/media\/163194"}],"wp:attachment":[{"href":"https:\/\/diarioregionaldigital.com.br\/index.php?rest_route=%2Fwp%2Fv2%2Fmedia&parent=163198"}],"wp:term":[{"taxonomy":"category","embeddable":true,"href":"https:\/\/diarioregionaldigital.com.br\/index.php?rest_route=%2Fwp%2Fv2%2Fcategories&post=163198"},{"taxonomy":"post_tag","embeddable":true,"href":"https:\/\/diarioregionaldigital.com.br\/index.php?rest_route=%2Fwp%2Fv2%2Ftags&post=163198"}],"curies":[{"name":"wp","href":"https:\/\/api.w.org\/{rel}","templated":true}]}}