{"id":163193,"date":"2020-06-26T10:22:40","date_gmt":"2020-06-26T13:22:40","guid":{"rendered":"https:\/\/diarioregionaldigital.com.br\/?p=163193"},"modified":"2020-06-26T10:32:38","modified_gmt":"2020-06-26T13:32:38","slug":"homem-morre-no-hps-apos-ser-alvejado-por-disparos-de-arma-de-fogo","status":"publish","type":"post","link":"https:\/\/diarioregionaldigital.com.br\/?p=163193","title":{"rendered":"Homem morre no HPS ap\u00f3s ser alvejado por disparos de arma de fogo"},"content":{"rendered":"<p>Um homem de 38 anos, transitava pela Rua Agostinho de Castro no Bairro Vila Ideal (Regi\u00e3o Leste) na tarde de quinta-feira (25), quando em um determinado momento foi abordado e alvejado com seis disparos de arma de fogo. Testemunhas no local viram os autores fugindo em um ve\u00edculo de cor preta. A v\u00edtima socorrida por populares e encaminhada at\u00e9 o Hospital Pronto Socorro (HPS), sendo constatado 6 perfura\u00e7\u00f5es provenientes de arma de fogo, sendo 3 na cabe\u00e7a, 2 no t\u00f3rax e 1 no abd\u00f4men. A\u00a0 v\u00edtima veio a \u00f3bito na mesa cir\u00fargica. Com informa\u00e7\u00f5es em m\u00e3os, a Pol\u00edcia Militar (PM) iniciou rastreamento e localizou o ve\u00edculo informado, no entanto seguem com o trabalho na localiza\u00e7\u00e3o dos suspeitos.<\/p>\n","protected":false},"excerpt":{"rendered":"<p>Um homem de 38 anos, transitava pela Rua Agostinho de Castro no Bairro Vila Ideal (Regi\u00e3o Leste) na tarde de quinta-feira (25), quando em um determinado momento foi abordado e alvejado com seis disparos de arma de fogo. Testemunhas no local viram os autores fugindo em um ve\u00edculo de cor preta. A v\u00edtima socorrida por [&hellip;]<\/p>\n","protected":false},"author":96,"featured_media":163194,"comment_status":"closed","ping_status":"closed","sticky":false,"template":"","format":"standard","meta":{"footnotes":""},"categories":[301,436,439],"tags":[],"class_list":["post-163193","post","type-post","status-publish","format-standard","has-post-thumbnail","hentry","category-artigos-policiais","category-destaque-da-semana","category-ultima-hora"],"_links":{"self":[{"href":"https:\/\/diarioregionaldigital.com.br\/index.php?rest_route=\/wp\/v2\/posts\/163193","targetHints":{"allow":["GET"]}}],"collection":[{"href":"https:\/\/diarioregionaldigital.com.br\/index.php?rest_route=\/wp\/v2\/posts"}],"about":[{"href":"https:\/\/diarioregionaldigital.com.br\/index.php?rest_route=\/wp\/v2\/types\/post"}],"author":[{"embeddable":true,"href":"https:\/\/diarioregionaldigital.com.br\/index.php?rest_route=\/wp\/v2\/users\/96"}],"replies":[{"embeddable":true,"href":"https:\/\/diarioregionaldigital.com.br\/index.php?rest_route=%2Fwp%2Fv2%2Fcomments&post=163193"}],"version-history":[{"count":0,"href":"https:\/\/diarioregionaldigital.com.br\/index.php?rest_route=\/wp\/v2\/posts\/163193\/revisions"}],"wp:featuredmedia":[{"embeddable":true,"href":"https:\/\/diarioregionaldigital.com.br\/index.php?rest_route=\/wp\/v2\/media\/163194"}],"wp:attachment":[{"href":"https:\/\/diarioregionaldigital.com.br\/index.php?rest_route=%2Fwp%2Fv2%2Fmedia&parent=163193"}],"wp:term":[{"taxonomy":"category","embeddable":true,"href":"https:\/\/diarioregionaldigital.com.br\/index.php?rest_route=%2Fwp%2Fv2%2Fcategories&post=163193"},{"taxonomy":"post_tag","embeddable":true,"href":"https:\/\/diarioregionaldigital.com.br\/index.php?rest_route=%2Fwp%2Fv2%2Ftags&post=163193"}],"curies":[{"name":"wp","href":"https:\/\/api.w.org\/{rel}","templated":true}]}}